{"id":7348,"date":"2014-09-02T17:07:12","date_gmt":"2014-09-02T15:07:12","guid":{"rendered":"http:\/\/www.gaidaphotos.com\/blog\/?p=7348"},"modified":"2014-09-02T17:07:12","modified_gmt":"2014-09-02T15:07:12","slug":"carree-fest-suelzklettenberg-6-7-09-2014","status":"publish","type":"post","link":"https:\/\/www.gaidaphotos.com\/blog\/2014\/09\/02\/carree-fest-suelzklettenberg-6-7-09-2014\/","title":{"rendered":"&#8222;Carr\u00e9e-Fest&#8220; &#8211;  S\u00fclz\/Klettenberg &#8211; 6.\/7.09.2014"},"content":{"rendered":"<h2>&#8222;Carr\u00e9e-Fest&#8220;  6.\/7.09.2014<br \/>\nWillkommen in S\u00fclz\/<\/h2>\n<figure style=\"width: 255px\" class=\"wp-caption alignleft\"><a href=\"https:\/\/i0.wp.com\/www.gaidaphotos.com\/blog\/wp-content\/gallery\/fotos\/carreefest-suelz-klettenberg-2014.jpg?ssl=1\" title=' &quot;Carr\u00e9e-Fest&quot; -  S\u00fclz\/Klettenberg'><img data-recalc-dims=\"1\" src=\"https:\/\/i0.wp.com\/www.gaidaphotos.com\/blog\/wp-content\/gallery\/fotos\/thumbs\/thumbs_carreefest-suelz-klettenberg-2014.jpg?w=910&#038;ssl=1\" alt='carreefest-suelz-klettenberg-2014' class='ngg-singlepic ngg-center' \/><\/a><figcaption class=\"wp-caption-text\">Veedelsb\u00fchne Programmheft<\/figcaption><\/figure>\n<p>Am ersten Septemberwochenende wird das <strong>15. Stra\u00dfenfest in S\u00fclz\/Klettenberg<\/strong> gefeiert. Dann hei\u00dft es wieder &#8222;Willkommen in S\u00fclz&#8220;.<br \/>\nDas erfolgreiche &#8222;<strong>Carre\u00e9fest<\/strong>&#8220; auf der S\u00fclzburgstra\u00dfe und der Berrenrather Stra\u00dfe ist l\u00e4ngst zum festen Bestandteil den S\u00fclzer Lebens geworden.<\/p>\n<p>Wieder einmal pr\u00e4sentieren sich \u00f6rtliche Gesch\u00e4ftsleute verst\u00e4rkt durch eine kleine aber feine Auswahl anreisender H\u00e4ndler ihrem Publikum. Dazu geh\u00f6ren nat\u00fcrlich auch das obligatorische Angebot f\u00fcr Kinder und eine gro\u00dfe und auswahlreiche Gastronomie.<\/p>\n<p>Beim Musikprogramm finden sich die <strong>k\u00f6lschen Starbands<\/strong> und vor allem viele <strong>Newcomer<\/strong>. So bietet vor allem die <strong>Veedelsb\u00fchne S\u00fclz\/Klettenberger K\u00fcnstlern<\/strong> ein ganz eigenes Forum. Eine weitere kleine B\u00fchne mit DJ und ein DJ auf dem Platz sorgen f\u00fcr ein vielf\u00e4ltiges Angebot.<\/p>\n<p>Leider ist der 07.09.2014 kein verkaufsoffener Sonntag. Umso mehr bem\u00fcht sind die ortsans\u00e4ssigen Einzelh\u00e4ndler ihr Angebot auf dem Stra\u00dfenfest vorzustellen.<\/p>\n<h3>Hauptb\u00fchne &#8222;Carr\u00e9e-Fest&#8220; &#8211;  S\u00fclz\/Klettenberg<\/h3>\n<p>S\u00fclzburgstra\u00dfe, N\u00e4he Luxemburger Stra\u00dfe<\/p>\n<ul>\nNon-Stop-Programm an beiden Tagen, u.a. angek\u00fcndigt:<\/p>\n<li>Ecol the Dance<\/li>\n<li>Fetz<\/li>\n<li>Alpenk\u00f6lsch<\/li>\n<li>Jed\u00f6ns<\/li>\n<li>5Jraad<\/li>\n<li>Filue<\/li>\n<li>Kalauer<\/li>\n<li>Marita K\u00f6llner<\/li>\n<li>Gino dal Nero<\/li>\n<li>Lyskircher Junge<\/li>\n<li>Rick Junior<\/li>\n<li>Dennis Harder<\/li>\n<li>Ren\u00e9 Kretschmer<\/li>\n<li>Diana Sorbello<\/li>\n<li>Tommy Walter<\/li>\n<li>K\u00f6lsche Kraat<\/li>\n<li>Hanak<\/li>\n<li>Domh\u00e4tzjer<\/li>\n<li>K\u00f6lschfraktion<\/li>\n<li>K\u00f6lsche Adler<\/li>\n<li>sowie die erfolgreiche Cover-Band \u2026<br \/>\n<strong>Flieger Band<\/strong>    http:\/\/www.fliegerlive.de\/<\/li>\n<li>Ballettschule Hrankovicova<\/li>\n<p>und viele Akteure mehr.<br \/>\nModeration: Tommy Walter, Manfred Schweinheim und Larry G. Rieger\n<\/ul>\n<h3>&#8222;Veedels-B\u00fchne&#8220; Carr\u00e9e-Fest&#8220; &#8211;  S\u00fclz\/Klettenberg&#8220;<\/h3>\n<p>Berrenrather Stra\u00dfe &#8211; Ecke Nikolausplatz.<\/p>\n<ul>Samstag, 6. September 14:00-20:00 Uhr<\/p>\n<li>13:45 ABSurdos \u2022 Die Sambagruppe f\u00fchrt zum Auftakt an die Veedelsb\u00fchne<\/li>\n<li>14:00 Platzkonzert mit dem Sinfonischen Blasorchester der Rheinischen Musikschule<\/li>\n<li>14:45 Er\u00f6ffnung mit Bezirksb\u00fcrgermeisterin Helga Bl\u00f6mer-Frerker<\/li>\n<li>15:00 Tanzzentrum Wei\u00dfhausstra\u00dfe  \u2022 S\u00fclzer Tanzschule f\u00fcr Jung &#038; Alt<\/li>\n<li>15:30 FCK  \u2022 Freiraumchor<\/li>\n<li>16:00 Gallensteine  \u2022 Kabarett mit Sch\u00fclerInnen vom Schillergymnasium<\/li>\n<li>16:30 The Zweezeel  \u2022 Jazz<\/li>\n<li>17:30 Poetry Slam \u2022 Sch\u00fclerInnen vom Hildegard von Bingen Gymnasium<\/li>\n<li>18:00 Children of Lir \u2022 (Un)traditional Irish<\/li>\n<li>19:00 Skurillis \u2022 Gypsy Hardcore<\/li>\n<li>20:00 The Fl\u00e4sch, die 6 Missionen, Sina und die Frauenrockband der K\u00f6lner Klangfabrik<\/li>\n<\/ul>\n<ul>Sonntag, 7. September, 11:00 \u2013 21:00 Uhr<\/p>\n<li>11:00 Sockenkonzert \u2022 Kinderkonzert     <\/li>\n<li>11:45 tanzplatz \u2022 Kreativer Kindertanz im Veedel <\/li>\n<li>12:15 CASAMAX Theater Als Louisa pl\u00f6tzlich Louis war \u2022 Kindertheater<\/li>\n<li>13:00 Lucky Kids \u2022 Kinder- und Jugendchor der Rheinischen Musikschule<\/li>\n<li>14:00 Musik vom Schillergymnasium<\/li>\n<li>14:45 Choralle Coelln \u2022 Gemischter Chor aus Klettenberg<\/li>\n<li>15:15 Rockberry und Dean Grey vom Elisabeth von Th\u00fcringen Gymnasium<\/li>\n<li>16:00 \u00c9anna O\u2019Sullivan &#038; Friends \u2022 Musizieren mit den Iren<\/li>\n<li>17:00 United 5 \u2022Jazzband der Musikschule Eulner<\/li>\n<li>18:00 T\u2018nT \u2022 Jazz und lateinamerikanische Rhythmen<\/li>\n<li>19:00 copiX \u2022 Cover Rockband<\/li>\n<p>Moderation Nicole Dohr, Hille Marks und Lutz Wachendorf\n<\/ul>\n<p>Veranstalter:<br \/>\n\u00b7         CASAMAX Theater<br \/>\n\u00b7         Freiraum e.V.<br \/>\n\u00b7         Lesezeichen e. v.<br \/>\n\u00b7         suelz-koeln.de<br \/>\n\u00b7         Interessengemeinschaft S\u00fclz-Klettenberg (ISK)<\/p>\n<h3>DJ B\u00fchne &#8222;Carr\u00e9e-Fest&#8220; &#8211;  S\u00fclz\/Klettenberg<\/h3>\n<p>Berrenrather Stra\u00dfe in H\u00f6he Hausnummer 313<\/p>\n<p>Hier sorgt ein DJ wieder f\u00fcr viel Spa\u00df und Unterhaltung.<\/p>\n<p>F\u00fcr alle die Lust auf Party haben, gibt es auch diese B\u00fchne wieder am Brunnenplatz (Gerolsteiner Str.\/Berrenrather Str.)  mit gem\u00fctlichem Beisammensein und mit DJ.<\/p>\n<h3>Stra\u00dfensperrung &#8222;Carr\u00e9e-Fest&#8220; &#8211;  S\u00fclz\/Klettenberg<\/h3>\n<p>Die gesamte Veranstaltungsfl\u00e4che ist <strong>ab Freitag, 5. September 2014, gegen 20:00 Uhr<\/strong> gesperrt. Das betrifft die S\u00fclzburgstra\u00dfe, von der Luxemburger Stra\u00dfe bis  Berrenrather Stra\u00dfe, sowie die Berrenrather Stra\u00dfe, von der Gerolsteiner Stra\u00dfe bis zum Nikolausplatz.<br \/>\nIn diesem Bereich abgestellte Fahrzeuge zwischen Freitag, 5. September, 18:00 Uhr und Montag, 8. September, 4:00 Uhr abgeschleppt.<\/p>\n<h3>\u00d6ffnungszeiten &#8222;Carr\u00e9e-Fest&#8220; &#8211;  S\u00fclz\/Klettenberg<\/h3>\n<p>Samstag,  06. September,  14:00  bis  22:00  Uhr<br \/>\nSonntag,  07. September,  11:00  bis  21:00  Uhr<br \/>\nVeranstalter: Interessengemeinschaft S\u00fclz-Klettenberg &#8222;Carr\u00e9e&#8220; e.V.<br \/>\nHotline: 0221 . 170 77 88 (nur w\u00e4hrend der Veranstaltung)<\/p>\n<p>(\u00c4nderungen vorbehalten)<\/p>\n","protected":false},"excerpt":{"rendered":"<p>&#8222;Carr\u00e9e-Fest&#8220; 6.\/7.09.2014 Willkommen in S\u00fclz\/ Am ersten Septemberwochenende wird das 15. Stra\u00dfenfest in S\u00fclz\/Klettenberg gefeiert. Dann hei\u00dft es wieder &#8222;Willkommen<\/p>\n","protected":false},"author":6,"featured_media":7350,"comment_status":"open","ping_status":"open","sticky":false,"template":"","format":"standard","meta":{"_crdt_document":"","ngg_post_thumbnail":0,"jetpack_post_was_ever_published":false,"_jetpack_newsletter_access":"","_jetpack_dont_email_post_to_subs":false,"_jetpack_newsletter_tier_id":0,"_jetpack_memberships_contains_paywalled_content":false,"_jetpack_memberships_contains_paid_content":false,"footnotes":"","jetpack_publicize_message":"","jetpack_publicize_feature_enabled":true,"jetpack_social_post_already_shared":true,"jetpack_social_options":{"image_generator_settings":{"template":"highway","default_image_id":0,"font":"","enabled":false},"version":2}},"categories":[362],"tags":[108,102,544,153],"class_list":["post-7348","post","type-post","status-publish","format-standard","has-post-thumbnail","hentry","category-strasenfest-koln","tag-einkaufen","tag-freizeit","tag-koeln","tag-strassenfest"],"yoast_head":"<!-- This site is optimized with the Yoast SEO plugin v27.5 - https:\/\/yoast.com\/product\/yoast-seo-wordpress\/ -->\n<title>&quot;Carr\u00e9e-Fest&quot; - S\u00fclz\/Klettenberg - 6.\/7.09.2014 - K\u00f6ln Rodenkirchen und die Welt<\/title>\n<meta name=\"description\" content=\"&quot;Carr\u00e9e-Fest&quot; - S\u00fclz\/Klettenberg - 15. Stra\u00dfenfest, Alle B\u00fchnen, Musikprogramm, Angebot, Information, Stra\u00dfensperrung, \u00d6ffnungszeiten\" \/>\n<meta name=\"robots\" content=\"index, follow, max-snippet:-1, max-image-preview:large, max-video-preview:-1\" \/>\n<link rel=\"canonical\" href=\"https:\/\/www.gaidaphotos.com\/blog\/2014\/09\/02\/carree-fest-suelzklettenberg-6-7-09-2014\/\" \/>\n<meta property=\"og:locale\" content=\"de_DE\" \/>\n<meta property=\"og:type\" content=\"article\" \/>\n<meta property=\"og:title\" content=\"&quot;Carr\u00e9e-Fest&quot; - S\u00fclz\/Klettenberg - 6.\/7.09.2014 - K\u00f6ln Rodenkirchen und die Welt\" \/>\n<meta property=\"og:description\" content=\"&quot;Carr\u00e9e-Fest&quot; - S\u00fclz\/Klettenberg - 15. Stra\u00dfenfest, Alle B\u00fchnen, Musikprogramm, Angebot, Information, Stra\u00dfensperrung, \u00d6ffnungszeiten\" \/>\n<meta property=\"og:url\" content=\"https:\/\/www.gaidaphotos.com\/blog\/2014\/09\/02\/carree-fest-suelzklettenberg-6-7-09-2014\/\" \/>\n<meta property=\"og:site_name\" content=\"K\u00f6ln Rodenkirchen und die Welt\" \/>\n<meta property=\"article:publisher\" content=\"https:\/\/www.facebook.com\/Koeln.Rodenkirchen\" \/>\n<meta property=\"article:author\" content=\"https:\/\/www.facebook.com\/gaidaphotos\" \/>\n<meta property=\"article:published_time\" content=\"2014-09-02T15:07:12+00:00\" \/>\n<meta property=\"og:image\" content=\"https:\/\/i0.wp.com\/www.gaidaphotos.com\/blog\/wp-content\/uploads\/ngg_featured\/carreefest-suelz-klettenberg-2014.jpg?fit=643%2C452&ssl=1\" \/>\n\t<meta property=\"og:image:width\" content=\"643\" \/>\n\t<meta property=\"og:image:height\" content=\"452\" \/>\n\t<meta property=\"og:image:type\" content=\"image\/jpeg\" \/>\n<meta name=\"author\" content=\"Thomas\" \/>\n<meta name=\"twitter:card\" content=\"summary_large_image\" \/>\n<meta name=\"twitter:creator\" content=\"@gaidaphotos\" \/>\n<meta name=\"twitter:site\" content=\"@gaidaphotos\" \/>\n<meta name=\"twitter:label1\" content=\"Verfasst von\" \/>\n\t<meta name=\"twitter:data1\" content=\"Thomas\" \/>\n\t<meta name=\"twitter:label2\" content=\"Gesch\u00e4tzte Lesezeit\" \/>\n\t<meta name=\"twitter:data2\" content=\"3\u00a0Minuten\" \/>\n<script type=\"application\/ld+json\" class=\"yoast-schema-graph\">{\"@context\":\"https:\\\/\\\/schema.org\",\"@graph\":[{\"@type\":\"Article\",\"@id\":\"https:\\\/\\\/www.gaidaphotos.com\\\/blog\\\/2014\\\/09\\\/02\\\/carree-fest-suelzklettenberg-6-7-09-2014\\\/#article\",\"isPartOf\":{\"@id\":\"https:\\\/\\\/www.gaidaphotos.com\\\/blog\\\/2014\\\/09\\\/02\\\/carree-fest-suelzklettenberg-6-7-09-2014\\\/\"},\"author\":{\"name\":\"Thomas\",\"@id\":\"https:\\\/\\\/www.gaidaphotos.com\\\/blog\\\/#\\\/schema\\\/person\\\/6c444a5b13ffc503c5c32f5a9ec68b21\"},\"headline\":\"&#8222;Carr\u00e9e-Fest&#8220; &#8211; S\u00fclz\\\/Klettenberg &#8211; 6.\\\/7.09.2014\",\"datePublished\":\"2014-09-02T15:07:12+00:00\",\"mainEntityOfPage\":{\"@id\":\"https:\\\/\\\/www.gaidaphotos.com\\\/blog\\\/2014\\\/09\\\/02\\\/carree-fest-suelzklettenberg-6-7-09-2014\\\/\"},\"wordCount\":606,\"commentCount\":1,\"publisher\":{\"@id\":\"https:\\\/\\\/www.gaidaphotos.com\\\/blog\\\/#organization\"},\"image\":{\"@id\":\"https:\\\/\\\/www.gaidaphotos.com\\\/blog\\\/2014\\\/09\\\/02\\\/carree-fest-suelzklettenberg-6-7-09-2014\\\/#primaryimage\"},\"thumbnailUrl\":\"https:\\\/\\\/i0.wp.com\\\/www.gaidaphotos.com\\\/blog\\\/wp-content\\\/uploads\\\/ngg_featured\\\/carreefest-suelz-klettenberg-2014.jpg?fit=643%2C452&ssl=1\",\"keywords\":[\"Einkaufen\\\/ Shopping\",\"Freizeit-Ideen\",\"K\u00f6ln\",\"Strassenfest\"],\"articleSection\":[\"Stra\u00dfenfest K\u00f6ln\"],\"inLanguage\":\"de\",\"potentialAction\":[{\"@type\":\"CommentAction\",\"name\":\"Comment\",\"target\":[\"https:\\\/\\\/www.gaidaphotos.com\\\/blog\\\/2014\\\/09\\\/02\\\/carree-fest-suelzklettenberg-6-7-09-2014\\\/#respond\"]}]},{\"@type\":\"WebPage\",\"@id\":\"https:\\\/\\\/www.gaidaphotos.com\\\/blog\\\/2014\\\/09\\\/02\\\/carree-fest-suelzklettenberg-6-7-09-2014\\\/\",\"url\":\"https:\\\/\\\/www.gaidaphotos.com\\\/blog\\\/2014\\\/09\\\/02\\\/carree-fest-suelzklettenberg-6-7-09-2014\\\/\",\"name\":\"\\\"Carr\u00e9e-Fest\\\" - S\u00fclz\\\/Klettenberg - 6.\\\/7.09.2014 - K\u00f6ln Rodenkirchen und die Welt\",\"isPartOf\":{\"@id\":\"https:\\\/\\\/www.gaidaphotos.com\\\/blog\\\/#website\"},\"primaryImageOfPage\":{\"@id\":\"https:\\\/\\\/www.gaidaphotos.com\\\/blog\\\/2014\\\/09\\\/02\\\/carree-fest-suelzklettenberg-6-7-09-2014\\\/#primaryimage\"},\"image\":{\"@id\":\"https:\\\/\\\/www.gaidaphotos.com\\\/blog\\\/2014\\\/09\\\/02\\\/carree-fest-suelzklettenberg-6-7-09-2014\\\/#primaryimage\"},\"thumbnailUrl\":\"https:\\\/\\\/i0.wp.com\\\/www.gaidaphotos.com\\\/blog\\\/wp-content\\\/uploads\\\/ngg_featured\\\/carreefest-suelz-klettenberg-2014.jpg?fit=643%2C452&ssl=1\",\"datePublished\":\"2014-09-02T15:07:12+00:00\",\"description\":\"\\\"Carr\u00e9e-Fest\\\" - S\u00fclz\\\/Klettenberg - 15. Stra\u00dfenfest, Alle B\u00fchnen, Musikprogramm, Angebot, Information, Stra\u00dfensperrung, \u00d6ffnungszeiten\",\"breadcrumb\":{\"@id\":\"https:\\\/\\\/www.gaidaphotos.com\\\/blog\\\/2014\\\/09\\\/02\\\/carree-fest-suelzklettenberg-6-7-09-2014\\\/#breadcrumb\"},\"inLanguage\":\"de\",\"potentialAction\":[{\"@type\":\"ReadAction\",\"target\":[\"https:\\\/\\\/www.gaidaphotos.com\\\/blog\\\/2014\\\/09\\\/02\\\/carree-fest-suelzklettenberg-6-7-09-2014\\\/\"]}]},{\"@type\":\"ImageObject\",\"inLanguage\":\"de\",\"@id\":\"https:\\\/\\\/www.gaidaphotos.com\\\/blog\\\/2014\\\/09\\\/02\\\/carree-fest-suelzklettenberg-6-7-09-2014\\\/#primaryimage\",\"url\":\"https:\\\/\\\/i0.wp.com\\\/www.gaidaphotos.com\\\/blog\\\/wp-content\\\/uploads\\\/ngg_featured\\\/carreefest-suelz-klettenberg-2014.jpg?fit=643%2C452&ssl=1\",\"contentUrl\":\"https:\\\/\\\/i0.wp.com\\\/www.gaidaphotos.com\\\/blog\\\/wp-content\\\/uploads\\\/ngg_featured\\\/carreefest-suelz-klettenberg-2014.jpg?fit=643%2C452&ssl=1\",\"width\":643,\"height\":452},{\"@type\":\"BreadcrumbList\",\"@id\":\"https:\\\/\\\/www.gaidaphotos.com\\\/blog\\\/2014\\\/09\\\/02\\\/carree-fest-suelzklettenberg-6-7-09-2014\\\/#breadcrumb\",\"itemListElement\":[{\"@type\":\"ListItem\",\"position\":1,\"name\":\"Startseite\",\"item\":\"https:\\\/\\\/www.gaidaphotos.com\\\/blog\\\/\"},{\"@type\":\"ListItem\",\"position\":2,\"name\":\"&#8222;Carr\u00e9e-Fest&#8220; &#8211; S\u00fclz\\\/Klettenberg &#8211; 6.\\\/7.09.2014\"}]},{\"@type\":\"WebSite\",\"@id\":\"https:\\\/\\\/www.gaidaphotos.com\\\/blog\\\/#website\",\"url\":\"https:\\\/\\\/www.gaidaphotos.com\\\/blog\\\/\",\"name\":\"K\u00f6ln Rodenkirchen und die Welt\",\"description\":\"Einkaufen, Restaurants, Freizeit, Nachrichten und was uns sonst bewegt und begegnet\",\"publisher\":{\"@id\":\"https:\\\/\\\/www.gaidaphotos.com\\\/blog\\\/#organization\"},\"potentialAction\":[{\"@type\":\"SearchAction\",\"target\":{\"@type\":\"EntryPoint\",\"urlTemplate\":\"https:\\\/\\\/www.gaidaphotos.com\\\/blog\\\/?s={search_term_string}\"},\"query-input\":{\"@type\":\"PropertyValueSpecification\",\"valueRequired\":true,\"valueName\":\"search_term_string\"}}],\"inLanguage\":\"de\"},{\"@type\":\"Organization\",\"@id\":\"https:\\\/\\\/www.gaidaphotos.com\\\/blog\\\/#organization\",\"name\":\"gaidaphotos\",\"url\":\"https:\\\/\\\/www.gaidaphotos.com\\\/blog\\\/\",\"logo\":{\"@type\":\"ImageObject\",\"inLanguage\":\"de\",\"@id\":\"https:\\\/\\\/www.gaidaphotos.com\\\/blog\\\/#\\\/schema\\\/logo\\\/image\\\/\",\"url\":\"https:\\\/\\\/i0.wp.com\\\/www.gaidaphotos.com\\\/blog\\\/wp-content\\\/uploads\\\/2020\\\/07\\\/GAIDAPHOTOS-COM.jpg?fit=160%2C96&ssl=1\",\"contentUrl\":\"https:\\\/\\\/i0.wp.com\\\/www.gaidaphotos.com\\\/blog\\\/wp-content\\\/uploads\\\/2020\\\/07\\\/GAIDAPHOTOS-COM.jpg?fit=160%2C96&ssl=1\",\"width\":160,\"height\":96,\"caption\":\"gaidaphotos\"},\"image\":{\"@id\":\"https:\\\/\\\/www.gaidaphotos.com\\\/blog\\\/#\\\/schema\\\/logo\\\/image\\\/\"},\"sameAs\":[\"https:\\\/\\\/www.facebook.com\\\/Koeln.Rodenkirchen\",\"https:\\\/\\\/x.com\\\/gaidaphotos\",\"https:\\\/\\\/instagram.com\\\/gaidaphotos\\\/\",\"https:\\\/\\\/de.linkedin.com\\\/in\\\/gaidaphotos\",\"https:\\\/\\\/myspace.com\\\/gaidaphotos\",\"https:\\\/\\\/www.pinterest.com\\\/gaidaphotos\\\/\",\"https:\\\/\\\/www.youtube.com\\\/user\\\/gaidaphotos\"]},{\"@type\":\"Person\",\"@id\":\"https:\\\/\\\/www.gaidaphotos.com\\\/blog\\\/#\\\/schema\\\/person\\\/6c444a5b13ffc503c5c32f5a9ec68b21\",\"name\":\"Thomas\",\"sameAs\":[\"https:\\\/\\\/www.gaidaphotos.com\",\"https:\\\/\\\/www.facebook.com\\\/gaidaphotos\",\"https:\\\/\\\/instagram.com\\\/gaidaphotos\\\/\",\"https:\\\/\\\/www.linkedin.com\\\/in\\\/gaidaphotos\",\"http:\\\/\\\/www.pinterest.com\\\/gaidaphotos\\\/\",\"https:\\\/\\\/x.com\\\/gaidaphotos\",\"https:\\\/\\\/myspace.com\\\/gaidaphotos\",\"https:\\\/\\\/www.youtube.com\\\/user\\\/gaidaphotos\",\"https:\\\/\\\/gaidaphotos.tumblr.com\\\/\"]}]}<\/script>\n<!-- \/ Yoast SEO plugin. -->","yoast_head_json":{"title":"\"Carr\u00e9e-Fest\" - S\u00fclz\/Klettenberg - 6.\/7.09.2014 - K\u00f6ln Rodenkirchen und die Welt","description":"\"Carr\u00e9e-Fest\" - S\u00fclz\/Klettenberg - 15. Stra\u00dfenfest, Alle B\u00fchnen, Musikprogramm, Angebot, Information, Stra\u00dfensperrung, \u00d6ffnungszeiten","robots":{"index":"index","follow":"follow","max-snippet":"max-snippet:-1","max-image-preview":"max-image-preview:large","max-video-preview":"max-video-preview:-1"},"canonical":"https:\/\/www.gaidaphotos.com\/blog\/2014\/09\/02\/carree-fest-suelzklettenberg-6-7-09-2014\/","og_locale":"de_DE","og_type":"article","og_title":"\"Carr\u00e9e-Fest\" - S\u00fclz\/Klettenberg - 6.\/7.09.2014 - K\u00f6ln Rodenkirchen und die Welt","og_description":"\"Carr\u00e9e-Fest\" - S\u00fclz\/Klettenberg - 15. Stra\u00dfenfest, Alle B\u00fchnen, Musikprogramm, Angebot, Information, Stra\u00dfensperrung, \u00d6ffnungszeiten","og_url":"https:\/\/www.gaidaphotos.com\/blog\/2014\/09\/02\/carree-fest-suelzklettenberg-6-7-09-2014\/","og_site_name":"K\u00f6ln Rodenkirchen und die Welt","article_publisher":"https:\/\/www.facebook.com\/Koeln.Rodenkirchen","article_author":"https:\/\/www.facebook.com\/gaidaphotos","article_published_time":"2014-09-02T15:07:12+00:00","og_image":[{"width":643,"height":452,"url":"https:\/\/i0.wp.com\/www.gaidaphotos.com\/blog\/wp-content\/uploads\/ngg_featured\/carreefest-suelz-klettenberg-2014.jpg?fit=643%2C452&ssl=1","type":"image\/jpeg"}],"author":"Thomas","twitter_card":"summary_large_image","twitter_creator":"@gaidaphotos","twitter_site":"@gaidaphotos","twitter_misc":{"Verfasst von":"Thomas","Gesch\u00e4tzte Lesezeit":"3\u00a0Minuten"},"schema":{"@context":"https:\/\/schema.org","@graph":[{"@type":"Article","@id":"https:\/\/www.gaidaphotos.com\/blog\/2014\/09\/02\/carree-fest-suelzklettenberg-6-7-09-2014\/#article","isPartOf":{"@id":"https:\/\/www.gaidaphotos.com\/blog\/2014\/09\/02\/carree-fest-suelzklettenberg-6-7-09-2014\/"},"author":{"name":"Thomas","@id":"https:\/\/www.gaidaphotos.com\/blog\/#\/schema\/person\/6c444a5b13ffc503c5c32f5a9ec68b21"},"headline":"&#8222;Carr\u00e9e-Fest&#8220; &#8211; S\u00fclz\/Klettenberg &#8211; 6.\/7.09.2014","datePublished":"2014-09-02T15:07:12+00:00","mainEntityOfPage":{"@id":"https:\/\/www.gaidaphotos.com\/blog\/2014\/09\/02\/carree-fest-suelzklettenberg-6-7-09-2014\/"},"wordCount":606,"commentCount":1,"publisher":{"@id":"https:\/\/www.gaidaphotos.com\/blog\/#organization"},"image":{"@id":"https:\/\/www.gaidaphotos.com\/blog\/2014\/09\/02\/carree-fest-suelzklettenberg-6-7-09-2014\/#primaryimage"},"thumbnailUrl":"https:\/\/i0.wp.com\/www.gaidaphotos.com\/blog\/wp-content\/uploads\/ngg_featured\/carreefest-suelz-klettenberg-2014.jpg?fit=643%2C452&ssl=1","keywords":["Einkaufen\/ Shopping","Freizeit-Ideen","K\u00f6ln","Strassenfest"],"articleSection":["Stra\u00dfenfest K\u00f6ln"],"inLanguage":"de","potentialAction":[{"@type":"CommentAction","name":"Comment","target":["https:\/\/www.gaidaphotos.com\/blog\/2014\/09\/02\/carree-fest-suelzklettenberg-6-7-09-2014\/#respond"]}]},{"@type":"WebPage","@id":"https:\/\/www.gaidaphotos.com\/blog\/2014\/09\/02\/carree-fest-suelzklettenberg-6-7-09-2014\/","url":"https:\/\/www.gaidaphotos.com\/blog\/2014\/09\/02\/carree-fest-suelzklettenberg-6-7-09-2014\/","name":"\"Carr\u00e9e-Fest\" - S\u00fclz\/Klettenberg - 6.\/7.09.2014 - K\u00f6ln Rodenkirchen und die Welt","isPartOf":{"@id":"https:\/\/www.gaidaphotos.com\/blog\/#website"},"primaryImageOfPage":{"@id":"https:\/\/www.gaidaphotos.com\/blog\/2014\/09\/02\/carree-fest-suelzklettenberg-6-7-09-2014\/#primaryimage"},"image":{"@id":"https:\/\/www.gaidaphotos.com\/blog\/2014\/09\/02\/carree-fest-suelzklettenberg-6-7-09-2014\/#primaryimage"},"thumbnailUrl":"https:\/\/i0.wp.com\/www.gaidaphotos.com\/blog\/wp-content\/uploads\/ngg_featured\/carreefest-suelz-klettenberg-2014.jpg?fit=643%2C452&ssl=1","datePublished":"2014-09-02T15:07:12+00:00","description":"\"Carr\u00e9e-Fest\" - S\u00fclz\/Klettenberg - 15. Stra\u00dfenfest, Alle B\u00fchnen, Musikprogramm, Angebot, Information, Stra\u00dfensperrung, \u00d6ffnungszeiten","breadcrumb":{"@id":"https:\/\/www.gaidaphotos.com\/blog\/2014\/09\/02\/carree-fest-suelzklettenberg-6-7-09-2014\/#breadcrumb"},"inLanguage":"de","potentialAction":[{"@type":"ReadAction","target":["https:\/\/www.gaidaphotos.com\/blog\/2014\/09\/02\/carree-fest-suelzklettenberg-6-7-09-2014\/"]}]},{"@type":"ImageObject","inLanguage":"de","@id":"https:\/\/www.gaidaphotos.com\/blog\/2014\/09\/02\/carree-fest-suelzklettenberg-6-7-09-2014\/#primaryimage","url":"https:\/\/i0.wp.com\/www.gaidaphotos.com\/blog\/wp-content\/uploads\/ngg_featured\/carreefest-suelz-klettenberg-2014.jpg?fit=643%2C452&ssl=1","contentUrl":"https:\/\/i0.wp.com\/www.gaidaphotos.com\/blog\/wp-content\/uploads\/ngg_featured\/carreefest-suelz-klettenberg-2014.jpg?fit=643%2C452&ssl=1","width":643,"height":452},{"@type":"BreadcrumbList","@id":"https:\/\/www.gaidaphotos.com\/blog\/2014\/09\/02\/carree-fest-suelzklettenberg-6-7-09-2014\/#breadcrumb","itemListElement":[{"@type":"ListItem","position":1,"name":"Startseite","item":"https:\/\/www.gaidaphotos.com\/blog\/"},{"@type":"ListItem","position":2,"name":"&#8222;Carr\u00e9e-Fest&#8220; &#8211; S\u00fclz\/Klettenberg &#8211; 6.\/7.09.2014"}]},{"@type":"WebSite","@id":"https:\/\/www.gaidaphotos.com\/blog\/#website","url":"https:\/\/www.gaidaphotos.com\/blog\/","name":"K\u00f6ln Rodenkirchen und die Welt","description":"Einkaufen, Restaurants, Freizeit, Nachrichten und was uns sonst bewegt und begegnet","publisher":{"@id":"https:\/\/www.gaidaphotos.com\/blog\/#organization"},"potentialAction":[{"@type":"SearchAction","target":{"@type":"EntryPoint","urlTemplate":"https:\/\/www.gaidaphotos.com\/blog\/?s={search_term_string}"},"query-input":{"@type":"PropertyValueSpecification","valueRequired":true,"valueName":"search_term_string"}}],"inLanguage":"de"},{"@type":"Organization","@id":"https:\/\/www.gaidaphotos.com\/blog\/#organization","name":"gaidaphotos","url":"https:\/\/www.gaidaphotos.com\/blog\/","logo":{"@type":"ImageObject","inLanguage":"de","@id":"https:\/\/www.gaidaphotos.com\/blog\/#\/schema\/logo\/image\/","url":"https:\/\/i0.wp.com\/www.gaidaphotos.com\/blog\/wp-content\/uploads\/2020\/07\/GAIDAPHOTOS-COM.jpg?fit=160%2C96&ssl=1","contentUrl":"https:\/\/i0.wp.com\/www.gaidaphotos.com\/blog\/wp-content\/uploads\/2020\/07\/GAIDAPHOTOS-COM.jpg?fit=160%2C96&ssl=1","width":160,"height":96,"caption":"gaidaphotos"},"image":{"@id":"https:\/\/www.gaidaphotos.com\/blog\/#\/schema\/logo\/image\/"},"sameAs":["https:\/\/www.facebook.com\/Koeln.Rodenkirchen","https:\/\/x.com\/gaidaphotos","https:\/\/instagram.com\/gaidaphotos\/","https:\/\/de.linkedin.com\/in\/gaidaphotos","https:\/\/myspace.com\/gaidaphotos","https:\/\/www.pinterest.com\/gaidaphotos\/","https:\/\/www.youtube.com\/user\/gaidaphotos"]},{"@type":"Person","@id":"https:\/\/www.gaidaphotos.com\/blog\/#\/schema\/person\/6c444a5b13ffc503c5c32f5a9ec68b21","name":"Thomas","sameAs":["https:\/\/www.gaidaphotos.com","https:\/\/www.facebook.com\/gaidaphotos","https:\/\/instagram.com\/gaidaphotos\/","https:\/\/www.linkedin.com\/in\/gaidaphotos","http:\/\/www.pinterest.com\/gaidaphotos\/","https:\/\/x.com\/gaidaphotos","https:\/\/myspace.com\/gaidaphotos","https:\/\/www.youtube.com\/user\/gaidaphotos","https:\/\/gaidaphotos.tumblr.com\/"]}]}},"jetpack_publicize_connections":[],"jetpack_featured_media_url":"https:\/\/i0.wp.com\/www.gaidaphotos.com\/blog\/wp-content\/uploads\/ngg_featured\/carreefest-suelz-klettenberg-2014.jpg?fit=643%2C452&ssl=1","jetpack_sharing_enabled":true,"jetpack_likes_enabled":true,"jetpack-related-posts":[{"id":8992,"url":"https:\/\/www.gaidaphotos.com\/blog\/2015\/09\/02\/carree-fest-5-6-september-2015-koeln\/","url_meta":{"origin":7348,"position":0},"title":"&#8222;Carr\u00e9e-Fest&#8220; &#8211; 5.\/6. September 2015 K\u00f6ln","author":"Thomas","date":"2. September 2015","format":false,"excerpt":"\"Carr\u00e9e-Fest\" - Stra\u00dfenfest S\u00fclz\/Klettenberg 2015 Am ersten Wochenende im September l\u00e4dt das Viertel S\u00fclz-Klettenberg zum j\u00e4hrlichen \"Carr\u00e9e-Fest\". Am 5. und 6. September hei\u00dft es wieder: \"Willkommen in S\u00fclz\". Wir haben f\u00fcr Sie alle wichtigen Informationen zum gro\u00dfen \"Carr\u00e9e-Fest\" gesammelt: K\u00fcnstler und Akteure, Gesch\u00e4fte und H\u00e4ndler, B\u00fchnenprogramm, \u00d6ffnungszeiten und Stra\u00dfensperrung. Das\u2026","rel":"","context":"In &quot;K\u00f6ln&quot;","block_context":{"text":"K\u00f6ln","link":"https:\/\/www.gaidaphotos.com\/blog\/category\/koeln\/"},"img":{"alt_text":"","src":"https:\/\/i0.wp.com\/www.gaidaphotos.com\/blog\/wp-content\/uploads\/ngg_featured\/stra%C3%9Fenfest-in-koeln.jpg?fit=683%2C1024&ssl=1&resize=350%2C200","width":350,"height":200,"srcset":"https:\/\/i0.wp.com\/www.gaidaphotos.com\/blog\/wp-content\/uploads\/ngg_featured\/stra%C3%9Fenfest-in-koeln.jpg?fit=683%2C1024&ssl=1&resize=350%2C200 1x, https:\/\/i0.wp.com\/www.gaidaphotos.com\/blog\/wp-content\/uploads\/ngg_featured\/stra%C3%9Fenfest-in-koeln.jpg?fit=683%2C1024&ssl=1&resize=525%2C300 1.5x"},"classes":[]},{"id":3364,"url":"https:\/\/www.gaidaphotos.com\/blog\/2010\/09\/01\/verkaufsoffener-sonntag-05-09-2010-in-koeln\/","url_meta":{"origin":7348,"position":1},"title":"verkaufsoffener Sonntag 05.09.2010 in K\u00f6ln","author":"Thomas","date":"1. September 2010","format":false,"excerpt":"Verkaufsoffener Sonntag 05.09.2010 in K\u00f6ln: S\u00fclz-Klettenberg \"Carreefest\" - Rath\/Heumar? Am 05.09.2010 findet in K\u00f6ln S\u00fclz und K\u00f6ln-Klettenberg das allj\u00e4hrliche \"Carreefest\" anl\u00e4\u00dflich des verkaufsoffenen Sonntag statt. Ob dagegen in K\u00f6ln Rath und K\u00f6ln Heumar ein verkaufsoffener Sonntag am 05.09.2010 stattfindet ist ungewiss. Zwar wird ist Sonntag vom Rat der Stadt K\u00f6ln\u2026","rel":"","context":"In &quot;K\u00f6ln&quot;","block_context":{"text":"K\u00f6ln","link":"https:\/\/www.gaidaphotos.com\/blog\/category\/koeln\/"},"img":{"alt_text":"","src":"","width":0,"height":0},"classes":[]},{"id":3412,"url":"https:\/\/www.gaidaphotos.com\/blog\/2010\/11\/03\/verkaufsoffener-sonntag-7-11-2010-in-koeln-suelz-klettenberg-nrw\/","url_meta":{"origin":7348,"position":2},"title":"Verkaufsoffener Sonntag 7.11.2010 in K\u00f6ln S\u00fclz-Klettenberg, NRW","author":"Thomas","date":"3. November 2010","format":false,"excerpt":"Verkaufsoffener Sonntag 7.11.2010 in K\u00f6ln S\u00fclz\/Klettenberg (NRW) In den Stra\u00dfen und Str\u00e4\u00dfchen, Winkeln und Gassen in K\u00f6ln S\u00fclz\/Klettenberg - zwischen Z\u00fclpicher Stra\u00dfe - Stauderstra\u00dfe - Rudolf-Amelunxen-Stra\u00dfe - Rh\u00f6ndorfer Stra\u00dfe - Bundesautobahn - Gleueler Stra\u00dfe k\u00f6nnen Sie am verkaufsoffenen Sonntag 7.11. 2010 nach Herzenslust Shoppen Am 7.11.2010 ist in K\u00f6ln S\u00fclz\/Klettenberg\u2026","rel":"","context":"In &quot;Verkaufsoffener Sonntag K\u00f6ln NRW&quot;","block_context":{"text":"Verkaufsoffener Sonntag K\u00f6ln NRW","link":"https:\/\/www.gaidaphotos.com\/blog\/category\/kalender-archiv\/verkaufsoffener-sonntag-koln-nrw\/"},"img":{"alt_text":"","src":"","width":0,"height":0},"classes":[]},{"id":3469,"url":"https:\/\/www.gaidaphotos.com\/blog\/2010\/12\/07\/verkaufsoffener-sonntag-adventsfest-koeln-sulzklettenberg-12-12-2010-suelzer-lichter\/","url_meta":{"origin":7348,"position":3},"title":"verkaufsoffener Sonntag &#038; Adventsfest in K\u00f6ln S\u00fclz\/Klettenberg am 12.12.2010 &#8222;S\u00fclzer Lichter&#8220;","author":"Thomas","date":"7. Dezember 2010","format":false,"excerpt":"verkaufsoffener Sonntag & Adventsfest in K\u00f6ln S\u00fclz\/Klettenberg am 12.12.2010 \"S\u00fclzer Lichter\" In den Stra\u00dfen und Str\u00e4\u00dfchen, Winkeln und Gassen in K\u00f6ln- zwischen Z\u00fclpicher Stra\u00dfe - Stauderstra\u00dfe - Rudolf-Amelunxen-Stra\u00dfe - Rh\u00f6ndorfer Stra\u00dfe - Bundesautobahn - Gleueler Stra\u00dfe k\u00f6nnen Sie am verkaufsoffenen Sonntag nach Herzenslust Shoppen. Gleichzeitig findet in K\u00f6ln S\u00fclz\/Klettenberg das\u2026","rel":"","context":"In &quot;Verkaufsoffener Sonntag K\u00f6ln NRW&quot;","block_context":{"text":"Verkaufsoffener Sonntag K\u00f6ln NRW","link":"https:\/\/www.gaidaphotos.com\/blog\/category\/kalender-archiv\/verkaufsoffener-sonntag-koln-nrw\/"},"img":{"alt_text":"","src":"","width":0,"height":0},"classes":[]},{"id":3782,"url":"https:\/\/www.gaidaphotos.com\/blog\/2011\/11\/03\/verkaufsoffener-sonntag-strasenfest-06-11-2011-in-koln\/","url_meta":{"origin":7348,"position":4},"title":"Verkaufsoffener Sonntag &#038; Stra\u00dfenfest 06.11.2011 in K\u00f6ln","author":"Thomas","date":"3. November 2011","format":false,"excerpt":"Auf, auf in den hei\u00dfen Shopping Herbst Gleich in 7(!) Veedeln sind die gesch\u00e4fte am Sonntag ge\u00f6ffnet. Besondere Highlights an diesem Shopping Wochenende sind die verkaufsoffenen Sonntage in K\u00f6ln-Marsdorf: Suchen Sie M\u00f6bel, Elektro-, Foto-, PC-M\u00e4rkte dann sind Sie hier richtig K\u00f6ln-Weiden: Highlight in Weiden ist das \"Rhein-Center\". Alle Gesch\u00e4fte haben\u2026","rel":"","context":"In &quot;Verkaufsoffener Sonntag K\u00f6ln NRW&quot;","block_context":{"text":"Verkaufsoffener Sonntag K\u00f6ln NRW","link":"https:\/\/www.gaidaphotos.com\/blog\/category\/kalender-archiv\/verkaufsoffener-sonntag-koln-nrw\/"},"img":{"alt_text":"","src":"https:\/\/www.gaidaphotos.com\/blog\/wp-content\/uploads\/2020\/08\/nggallery_import\/53_","width":350,"height":200,"srcset":"https:\/\/www.gaidaphotos.com\/blog\/wp-content\/uploads\/2020\/08\/nggallery_import\/53_ 1x, https:\/\/www.gaidaphotos.com\/blog\/wp-content\/uploads\/2020\/08\/nggallery_import\/53_ 1.5x, https:\/\/www.gaidaphotos.com\/blog\/wp-content\/uploads\/2020\/08\/nggallery_import\/53_ 2x"},"classes":[]},{"id":4989,"url":"https:\/\/www.gaidaphotos.com\/blog\/2012\/08\/27\/carreefest-verkaufsoffener-sonntag-02-09-2012-koeln\/","url_meta":{"origin":7348,"position":5},"title":"verkaufsoffener Sonntag 02.09.2012 in K\u00f6ln &#8211; Carreefest in S\u00fclz\/Klettenberg","author":"Thomas","date":"27. August 2012","format":false,"excerpt":"verkaufsoffener Sonntag 02.09.2012 in K\u00f6ln Kaum sind die Sommerferien vorbei geht es wieder richtig los mit den verkaufsoffenen Sonntagen in K\u00f6ln. Gleich drei Stadtteile laden Sie zum Shoppen und Feiern, Essen und Trinken. K\u00f6ln-S\u00fcrth: B\u00fcrgerfest von 13 - 18 Uhr K\u00f6ln S\u00fclz\/Klettenberg: Care\u00e8fest von 13-18 Uhr K\u00f6ln Worringen: Worringer Kirmes\u2026","rel":"","context":"In &quot;Verkaufsoffener Sonntag K\u00f6ln NRW&quot;","block_context":{"text":"Verkaufsoffener Sonntag K\u00f6ln NRW","link":"https:\/\/www.gaidaphotos.com\/blog\/category\/kalender-archiv\/verkaufsoffener-sonntag-koln-nrw\/"},"img":{"alt_text":"","src":"https:\/\/www.gaidaphotos.com\/blog\/wp-content\/uploads\/2020\/08\/nggallery_import\/113_","width":350,"height":200,"srcset":"https:\/\/www.gaidaphotos.com\/blog\/wp-content\/uploads\/2020\/08\/nggallery_import\/113_ 1x, https:\/\/www.gaidaphotos.com\/blog\/wp-content\/uploads\/2020\/08\/nggallery_import\/113_ 1.5x, https:\/\/www.gaidaphotos.com\/blog\/wp-content\/uploads\/2020\/08\/nggallery_import\/113_ 2x"},"classes":[]}],"_links":{"self":[{"href":"https:\/\/www.gaidaphotos.com\/blog\/wp-json\/wp\/v2\/posts\/7348","targetHints":{"allow":["GET"]}}],"collection":[{"href":"https:\/\/www.gaidaphotos.com\/blog\/wp-json\/wp\/v2\/posts"}],"about":[{"href":"https:\/\/www.gaidaphotos.com\/blog\/wp-json\/wp\/v2\/types\/post"}],"author":[{"embeddable":true,"href":"https:\/\/www.gaidaphotos.com\/blog\/wp-json\/wp\/v2\/users\/6"}],"replies":[{"embeddable":true,"href":"https:\/\/www.gaidaphotos.com\/blog\/wp-json\/wp\/v2\/comments?post=7348"}],"version-history":[{"count":0,"href":"https:\/\/www.gaidaphotos.com\/blog\/wp-json\/wp\/v2\/posts\/7348\/revisions"}],"wp:featuredmedia":[{"embeddable":true,"href":"https:\/\/www.gaidaphotos.com\/blog\/wp-json\/wp\/v2\/media\/7350"}],"wp:attachment":[{"href":"https:\/\/www.gaidaphotos.com\/blog\/wp-json\/wp\/v2\/media?parent=7348"}],"wp:term":[{"taxonomy":"category","embeddable":true,"href":"https:\/\/www.gaidaphotos.com\/blog\/wp-json\/wp\/v2\/categories?post=7348"},{"taxonomy":"post_tag","embeddable":true,"href":"https:\/\/www.gaidaphotos.com\/blog\/wp-json\/wp\/v2\/tags?post=7348"}],"curies":[{"name":"wp","href":"https:\/\/api.w.org\/{rel}","templated":true}]}}