{"id":742,"date":"2009-06-18T10:00:53","date_gmt":"2009-06-18T09:00:53","guid":{"rendered":"http:\/\/gaidaphotos.com\/blog\/?p=742"},"modified":"2016-09-06T16:56:29","modified_gmt":"2016-09-06T14:56:29","slug":"koeln-rodenkirchen-verkaufsoffener-sonntag-sommertag","status":"publish","type":"post","link":"https:\/\/www.gaidaphotos.com\/blog\/2009\/06\/18\/koeln-rodenkirchen-verkaufsoffener-sonntag-sommertag\/","title":{"rendered":"K\u00f6ln Rodenkirchen Einkaufen: verkaufsoffener Sonntag w\u00e4hrend der Rodenkirchener Sommertage"},"content":{"rendered":"<p>K\u00f6ln Rodenkirchen Einkaufen:<\/p>\n<p><strong>verkaufsoffener Sonntag w\u00e4hrend der Rodenkirchener Sommertage<\/strong><\/p>\n<figure id=\"attachment_745\" aria-describedby=\"caption-attachment-745\" style=\"width: 300px\" class=\"wp-caption alignleft\"><img data-recalc-dims=\"1\" loading=\"lazy\" decoding=\"async\" class=\"size-medium wp-image-745\" src=\"https:\/\/i0.wp.com\/www.gaidaphotos.com\/blog\/wp-content\/uploads\/2009\/06\/koeln-rodenkirchener-sommertage.jpg?resize=300%2C225&#038;ssl=1\" alt=\"Maternusplatz - Schauplatz der Rodenkirchener Sommertage\" width=\"300\" height=\"225\" srcset=\"https:\/\/i0.wp.com\/www.gaidaphotos.com\/blog\/wp-content\/uploads\/2009\/06\/koeln-rodenkirchener-sommertage.jpg?resize=300%2C225&amp;ssl=1 300w, https:\/\/i0.wp.com\/www.gaidaphotos.com\/blog\/wp-content\/uploads\/2009\/06\/koeln-rodenkirchener-sommertage.jpg?resize=1024%2C768&amp;ssl=1 1024w, https:\/\/i0.wp.com\/www.gaidaphotos.com\/blog\/wp-content\/uploads\/2009\/06\/koeln-rodenkirchener-sommertage.jpg?w=1820&amp;ssl=1 1820w\" sizes=\"auto, (max-width: 300px) 100vw, 300px\" \/><figcaption id=\"caption-attachment-745\" class=\"wp-caption-text\">Maternusplatz - Schauplatz der Rodenkirchener Sommertage<\/figcaption><\/figure>\n<p>Nicht vergessen!<\/p>\n<p>Am kommenden Wochenende ist in K\u00f6ln Rodenkirchen auf dem Maternusplatz Strassenfest. Das Motto der Rodenkirchener Sommertage lautet &#8222;Rodenkirchen im Hollywoodfieber&#8220;.<\/p>\n<p>Dazu gibt es Schn\u00e4ppchen beim Einkaufen, Musik und Tanz. Der Sonntag ist verkaufsoffen und man kann feiern und shoppen.<\/p>\n<p>Wir werden regelm\u00e4\u00dfig berichten.<\/p>\n","protected":false},"excerpt":{"rendered":"<p>K\u00f6ln Rodenkirchen Einkaufen: verkaufsoffener Sonntag w\u00e4hrend der Rodenkirchener Sommertage Nicht vergessen! Am kommenden Wochenende ist in K\u00f6ln Rodenkirchen auf dem<\/p>\n","protected":false},"author":6,"featured_media":0,"comment_status":"open","ping_status":"open","sticky":false,"template":"","format":"standard","meta":{"_crdt_document":"","ngg_post_thumbnail":0,"jetpack_post_was_ever_published":false,"_jetpack_newsletter_access":"","_jetpack_dont_email_post_to_subs":false,"_jetpack_newsletter_tier_id":0,"_jetpack_memberships_contains_paywalled_content":false,"_jetpack_memberships_contains_paid_content":false,"footnotes":"","jetpack_publicize_message":"","jetpack_publicize_feature_enabled":true,"jetpack_social_post_already_shared":false,"jetpack_social_options":{"image_generator_settings":{"template":"highway","default_image_id":0,"font":"","enabled":false},"version":2}},"categories":[98,52,89,101],"tags":[102,538],"class_list":["post-742","post","type-post","status-publish","format-standard","hentry","category-koeln","category-koeln-rodenkirchen","category-koeln-rodenkirchen-einkaufen","category-koeln-rodenkirchen-freizeit","tag-freizeit","tag-koeln-rodenkirchen"],"yoast_head":"<!-- This site is optimized with the Yoast SEO plugin v27.5 - https:\/\/yoast.com\/product\/yoast-seo-wordpress\/ -->\n<title>K\u00f6ln Rodenkirchen Einkaufen: verkaufsoffener Sonntag w\u00e4hrend der Rodenkirchener Sommertage<\/title>\n<meta name=\"description\" content=\"Am kommenden Wochenende ist in K\u00f6ln Rodenkirchen auf dem Maternusplatz Strassenfest. Das Motto der Rodenkirchener Sommertage lautet ...\" \/>\n<meta name=\"robots\" content=\"index, follow, max-snippet:-1, max-image-preview:large, max-video-preview:-1\" \/>\n<link rel=\"canonical\" href=\"https:\/\/www.gaidaphotos.com\/blog\/2009\/06\/18\/koeln-rodenkirchen-verkaufsoffener-sonntag-sommertag\/\" \/>\n<meta property=\"og:locale\" content=\"de_DE\" \/>\n<meta property=\"og:type\" content=\"article\" \/>\n<meta property=\"og:title\" content=\"K\u00f6ln Rodenkirchen Einkaufen: verkaufsoffener Sonntag w\u00e4hrend der Rodenkirchener Sommertage\" \/>\n<meta property=\"og:description\" content=\"Am kommenden Wochenende ist in K\u00f6ln Rodenkirchen auf dem Maternusplatz Strassenfest. Das Motto der Rodenkirchener Sommertage lautet ...\" \/>\n<meta property=\"og:url\" content=\"https:\/\/www.gaidaphotos.com\/blog\/2009\/06\/18\/koeln-rodenkirchen-verkaufsoffener-sonntag-sommertag\/\" \/>\n<meta property=\"og:site_name\" content=\"K\u00f6ln Rodenkirchen und die Welt\" \/>\n<meta property=\"article:publisher\" content=\"https:\/\/www.facebook.com\/Koeln.Rodenkirchen\" \/>\n<meta property=\"article:author\" content=\"https:\/\/www.facebook.com\/gaidaphotos\" \/>\n<meta property=\"article:published_time\" content=\"2009-06-18T09:00:53+00:00\" \/>\n<meta property=\"article:modified_time\" content=\"2016-09-06T14:56:29+00:00\" \/>\n<meta property=\"og:image\" content=\"https:\/\/www.gaidaphotos.com\/blog\/wp-content\/uploads\/2009\/06\/koeln-rodenkirchener-sommertage-300x225.jpg\" \/>\n<meta name=\"author\" content=\"Thomas\" \/>\n<meta name=\"twitter:card\" content=\"summary_large_image\" \/>\n<meta name=\"twitter:creator\" content=\"@gaidaphotos\" \/>\n<meta name=\"twitter:site\" content=\"@gaidaphotos\" \/>\n<meta name=\"twitter:label1\" content=\"Verfasst von\" \/>\n\t<meta name=\"twitter:data1\" content=\"Thomas\" \/>\n<script type=\"application\/ld+json\" class=\"yoast-schema-graph\">{\"@context\":\"https:\\\/\\\/schema.org\",\"@graph\":[{\"@type\":\"Article\",\"@id\":\"https:\\\/\\\/www.gaidaphotos.com\\\/blog\\\/2009\\\/06\\\/18\\\/koeln-rodenkirchen-verkaufsoffener-sonntag-sommertag\\\/#article\",\"isPartOf\":{\"@id\":\"https:\\\/\\\/www.gaidaphotos.com\\\/blog\\\/2009\\\/06\\\/18\\\/koeln-rodenkirchen-verkaufsoffener-sonntag-sommertag\\\/\"},\"author\":{\"name\":\"Thomas\",\"@id\":\"https:\\\/\\\/www.gaidaphotos.com\\\/blog\\\/#\\\/schema\\\/person\\\/6c444a5b13ffc503c5c32f5a9ec68b21\"},\"headline\":\"K\u00f6ln Rodenkirchen Einkaufen: verkaufsoffener Sonntag w\u00e4hrend der Rodenkirchener Sommertage\",\"datePublished\":\"2009-06-18T09:00:53+00:00\",\"dateModified\":\"2016-09-06T14:56:29+00:00\",\"mainEntityOfPage\":{\"@id\":\"https:\\\/\\\/www.gaidaphotos.com\\\/blog\\\/2009\\\/06\\\/18\\\/koeln-rodenkirchen-verkaufsoffener-sonntag-sommertag\\\/\"},\"wordCount\":84,\"commentCount\":1,\"publisher\":{\"@id\":\"https:\\\/\\\/www.gaidaphotos.com\\\/blog\\\/#organization\"},\"image\":{\"@id\":\"https:\\\/\\\/www.gaidaphotos.com\\\/blog\\\/2009\\\/06\\\/18\\\/koeln-rodenkirchen-verkaufsoffener-sonntag-sommertag\\\/#primaryimage\"},\"thumbnailUrl\":\"https:\\\/\\\/www.gaidaphotos.com\\\/blog\\\/wp-content\\\/uploads\\\/2009\\\/06\\\/koeln-rodenkirchener-sommertage-300x225.jpg\",\"keywords\":[\"Freizeit-Ideen\",\"K\u00f6ln Rodenkirchen\"],\"articleSection\":[\"K\u00f6ln\",\"K\u00f6ln Rodenkirchen\",\"K\u00f6ln Rodenkirchen Einkaufen\",\"K\u00f6ln Rodenkirchen Freizeit\"],\"inLanguage\":\"de\",\"potentialAction\":[{\"@type\":\"CommentAction\",\"name\":\"Comment\",\"target\":[\"https:\\\/\\\/www.gaidaphotos.com\\\/blog\\\/2009\\\/06\\\/18\\\/koeln-rodenkirchen-verkaufsoffener-sonntag-sommertag\\\/#respond\"]}]},{\"@type\":\"WebPage\",\"@id\":\"https:\\\/\\\/www.gaidaphotos.com\\\/blog\\\/2009\\\/06\\\/18\\\/koeln-rodenkirchen-verkaufsoffener-sonntag-sommertag\\\/\",\"url\":\"https:\\\/\\\/www.gaidaphotos.com\\\/blog\\\/2009\\\/06\\\/18\\\/koeln-rodenkirchen-verkaufsoffener-sonntag-sommertag\\\/\",\"name\":\"K\u00f6ln Rodenkirchen Einkaufen: verkaufsoffener Sonntag w\u00e4hrend der Rodenkirchener Sommertage\",\"isPartOf\":{\"@id\":\"https:\\\/\\\/www.gaidaphotos.com\\\/blog\\\/#website\"},\"primaryImageOfPage\":{\"@id\":\"https:\\\/\\\/www.gaidaphotos.com\\\/blog\\\/2009\\\/06\\\/18\\\/koeln-rodenkirchen-verkaufsoffener-sonntag-sommertag\\\/#primaryimage\"},\"image\":{\"@id\":\"https:\\\/\\\/www.gaidaphotos.com\\\/blog\\\/2009\\\/06\\\/18\\\/koeln-rodenkirchen-verkaufsoffener-sonntag-sommertag\\\/#primaryimage\"},\"thumbnailUrl\":\"https:\\\/\\\/www.gaidaphotos.com\\\/blog\\\/wp-content\\\/uploads\\\/2009\\\/06\\\/koeln-rodenkirchener-sommertage-300x225.jpg\",\"datePublished\":\"2009-06-18T09:00:53+00:00\",\"dateModified\":\"2016-09-06T14:56:29+00:00\",\"description\":\"Am kommenden Wochenende ist in K\u00f6ln Rodenkirchen auf dem Maternusplatz Strassenfest. Das Motto der Rodenkirchener Sommertage lautet ...\",\"breadcrumb\":{\"@id\":\"https:\\\/\\\/www.gaidaphotos.com\\\/blog\\\/2009\\\/06\\\/18\\\/koeln-rodenkirchen-verkaufsoffener-sonntag-sommertag\\\/#breadcrumb\"},\"inLanguage\":\"de\",\"potentialAction\":[{\"@type\":\"ReadAction\",\"target\":[\"https:\\\/\\\/www.gaidaphotos.com\\\/blog\\\/2009\\\/06\\\/18\\\/koeln-rodenkirchen-verkaufsoffener-sonntag-sommertag\\\/\"]}]},{\"@type\":\"ImageObject\",\"inLanguage\":\"de\",\"@id\":\"https:\\\/\\\/www.gaidaphotos.com\\\/blog\\\/2009\\\/06\\\/18\\\/koeln-rodenkirchen-verkaufsoffener-sonntag-sommertag\\\/#primaryimage\",\"url\":\"https:\\\/\\\/i0.wp.com\\\/www.gaidaphotos.com\\\/blog\\\/wp-content\\\/uploads\\\/2009\\\/06\\\/koeln-rodenkirchener-sommertage.jpg?fit=2592%2C1944&ssl=1\",\"contentUrl\":\"https:\\\/\\\/i0.wp.com\\\/www.gaidaphotos.com\\\/blog\\\/wp-content\\\/uploads\\\/2009\\\/06\\\/koeln-rodenkirchener-sommertage.jpg?fit=2592%2C1944&ssl=1\",\"width\":\"2592\",\"height\":\"1944\",\"caption\":\"Maternusplatz - Schauplatz der Rodenkirchener Sommertage\"},{\"@type\":\"BreadcrumbList\",\"@id\":\"https:\\\/\\\/www.gaidaphotos.com\\\/blog\\\/2009\\\/06\\\/18\\\/koeln-rodenkirchen-verkaufsoffener-sonntag-sommertag\\\/#breadcrumb\",\"itemListElement\":[{\"@type\":\"ListItem\",\"position\":1,\"name\":\"Startseite\",\"item\":\"https:\\\/\\\/www.gaidaphotos.com\\\/blog\\\/\"},{\"@type\":\"ListItem\",\"position\":2,\"name\":\"K\u00f6ln Rodenkirchen Einkaufen: verkaufsoffener Sonntag w\u00e4hrend der Rodenkirchener Sommertage\"}]},{\"@type\":\"WebSite\",\"@id\":\"https:\\\/\\\/www.gaidaphotos.com\\\/blog\\\/#website\",\"url\":\"https:\\\/\\\/www.gaidaphotos.com\\\/blog\\\/\",\"name\":\"K\u00f6ln Rodenkirchen und die Welt\",\"description\":\"Einkaufen, Restaurants, Freizeit, Nachrichten und was uns sonst bewegt und begegnet\",\"publisher\":{\"@id\":\"https:\\\/\\\/www.gaidaphotos.com\\\/blog\\\/#organization\"},\"potentialAction\":[{\"@type\":\"SearchAction\",\"target\":{\"@type\":\"EntryPoint\",\"urlTemplate\":\"https:\\\/\\\/www.gaidaphotos.com\\\/blog\\\/?s={search_term_string}\"},\"query-input\":{\"@type\":\"PropertyValueSpecification\",\"valueRequired\":true,\"valueName\":\"search_term_string\"}}],\"inLanguage\":\"de\"},{\"@type\":\"Organization\",\"@id\":\"https:\\\/\\\/www.gaidaphotos.com\\\/blog\\\/#organization\",\"name\":\"gaidaphotos\",\"url\":\"https:\\\/\\\/www.gaidaphotos.com\\\/blog\\\/\",\"logo\":{\"@type\":\"ImageObject\",\"inLanguage\":\"de\",\"@id\":\"https:\\\/\\\/www.gaidaphotos.com\\\/blog\\\/#\\\/schema\\\/logo\\\/image\\\/\",\"url\":\"https:\\\/\\\/i0.wp.com\\\/www.gaidaphotos.com\\\/blog\\\/wp-content\\\/uploads\\\/2020\\\/07\\\/GAIDAPHOTOS-COM.jpg?fit=160%2C96&ssl=1\",\"contentUrl\":\"https:\\\/\\\/i0.wp.com\\\/www.gaidaphotos.com\\\/blog\\\/wp-content\\\/uploads\\\/2020\\\/07\\\/GAIDAPHOTOS-COM.jpg?fit=160%2C96&ssl=1\",\"width\":160,\"height\":96,\"caption\":\"gaidaphotos\"},\"image\":{\"@id\":\"https:\\\/\\\/www.gaidaphotos.com\\\/blog\\\/#\\\/schema\\\/logo\\\/image\\\/\"},\"sameAs\":[\"https:\\\/\\\/www.facebook.com\\\/Koeln.Rodenkirchen\",\"https:\\\/\\\/x.com\\\/gaidaphotos\",\"https:\\\/\\\/instagram.com\\\/gaidaphotos\\\/\",\"https:\\\/\\\/de.linkedin.com\\\/in\\\/gaidaphotos\",\"https:\\\/\\\/myspace.com\\\/gaidaphotos\",\"https:\\\/\\\/www.pinterest.com\\\/gaidaphotos\\\/\",\"https:\\\/\\\/www.youtube.com\\\/user\\\/gaidaphotos\"]},{\"@type\":\"Person\",\"@id\":\"https:\\\/\\\/www.gaidaphotos.com\\\/blog\\\/#\\\/schema\\\/person\\\/6c444a5b13ffc503c5c32f5a9ec68b21\",\"name\":\"Thomas\",\"sameAs\":[\"https:\\\/\\\/www.gaidaphotos.com\",\"https:\\\/\\\/www.facebook.com\\\/gaidaphotos\",\"https:\\\/\\\/instagram.com\\\/gaidaphotos\\\/\",\"https:\\\/\\\/www.linkedin.com\\\/in\\\/gaidaphotos\",\"http:\\\/\\\/www.pinterest.com\\\/gaidaphotos\\\/\",\"https:\\\/\\\/x.com\\\/gaidaphotos\",\"https:\\\/\\\/myspace.com\\\/gaidaphotos\",\"https:\\\/\\\/www.youtube.com\\\/user\\\/gaidaphotos\",\"https:\\\/\\\/gaidaphotos.tumblr.com\\\/\"]}]}<\/script>\n<!-- \/ Yoast SEO plugin. -->","yoast_head_json":{"title":"K\u00f6ln Rodenkirchen Einkaufen: verkaufsoffener Sonntag w\u00e4hrend der Rodenkirchener Sommertage","description":"Am kommenden Wochenende ist in K\u00f6ln Rodenkirchen auf dem Maternusplatz Strassenfest. Das Motto der Rodenkirchener Sommertage lautet ...","robots":{"index":"index","follow":"follow","max-snippet":"max-snippet:-1","max-image-preview":"max-image-preview:large","max-video-preview":"max-video-preview:-1"},"canonical":"https:\/\/www.gaidaphotos.com\/blog\/2009\/06\/18\/koeln-rodenkirchen-verkaufsoffener-sonntag-sommertag\/","og_locale":"de_DE","og_type":"article","og_title":"K\u00f6ln Rodenkirchen Einkaufen: verkaufsoffener Sonntag w\u00e4hrend der Rodenkirchener Sommertage","og_description":"Am kommenden Wochenende ist in K\u00f6ln Rodenkirchen auf dem Maternusplatz Strassenfest. Das Motto der Rodenkirchener Sommertage lautet ...","og_url":"https:\/\/www.gaidaphotos.com\/blog\/2009\/06\/18\/koeln-rodenkirchen-verkaufsoffener-sonntag-sommertag\/","og_site_name":"K\u00f6ln Rodenkirchen und die Welt","article_publisher":"https:\/\/www.facebook.com\/Koeln.Rodenkirchen","article_author":"https:\/\/www.facebook.com\/gaidaphotos","article_published_time":"2009-06-18T09:00:53+00:00","article_modified_time":"2016-09-06T14:56:29+00:00","og_image":[{"url":"https:\/\/www.gaidaphotos.com\/blog\/wp-content\/uploads\/2009\/06\/koeln-rodenkirchener-sommertage-300x225.jpg","type":"","width":"","height":""}],"author":"Thomas","twitter_card":"summary_large_image","twitter_creator":"@gaidaphotos","twitter_site":"@gaidaphotos","twitter_misc":{"Verfasst von":"Thomas"},"schema":{"@context":"https:\/\/schema.org","@graph":[{"@type":"Article","@id":"https:\/\/www.gaidaphotos.com\/blog\/2009\/06\/18\/koeln-rodenkirchen-verkaufsoffener-sonntag-sommertag\/#article","isPartOf":{"@id":"https:\/\/www.gaidaphotos.com\/blog\/2009\/06\/18\/koeln-rodenkirchen-verkaufsoffener-sonntag-sommertag\/"},"author":{"name":"Thomas","@id":"https:\/\/www.gaidaphotos.com\/blog\/#\/schema\/person\/6c444a5b13ffc503c5c32f5a9ec68b21"},"headline":"K\u00f6ln Rodenkirchen Einkaufen: verkaufsoffener Sonntag w\u00e4hrend der Rodenkirchener Sommertage","datePublished":"2009-06-18T09:00:53+00:00","dateModified":"2016-09-06T14:56:29+00:00","mainEntityOfPage":{"@id":"https:\/\/www.gaidaphotos.com\/blog\/2009\/06\/18\/koeln-rodenkirchen-verkaufsoffener-sonntag-sommertag\/"},"wordCount":84,"commentCount":1,"publisher":{"@id":"https:\/\/www.gaidaphotos.com\/blog\/#organization"},"image":{"@id":"https:\/\/www.gaidaphotos.com\/blog\/2009\/06\/18\/koeln-rodenkirchen-verkaufsoffener-sonntag-sommertag\/#primaryimage"},"thumbnailUrl":"https:\/\/www.gaidaphotos.com\/blog\/wp-content\/uploads\/2009\/06\/koeln-rodenkirchener-sommertage-300x225.jpg","keywords":["Freizeit-Ideen","K\u00f6ln Rodenkirchen"],"articleSection":["K\u00f6ln","K\u00f6ln Rodenkirchen","K\u00f6ln Rodenkirchen Einkaufen","K\u00f6ln Rodenkirchen Freizeit"],"inLanguage":"de","potentialAction":[{"@type":"CommentAction","name":"Comment","target":["https:\/\/www.gaidaphotos.com\/blog\/2009\/06\/18\/koeln-rodenkirchen-verkaufsoffener-sonntag-sommertag\/#respond"]}]},{"@type":"WebPage","@id":"https:\/\/www.gaidaphotos.com\/blog\/2009\/06\/18\/koeln-rodenkirchen-verkaufsoffener-sonntag-sommertag\/","url":"https:\/\/www.gaidaphotos.com\/blog\/2009\/06\/18\/koeln-rodenkirchen-verkaufsoffener-sonntag-sommertag\/","name":"K\u00f6ln Rodenkirchen Einkaufen: verkaufsoffener Sonntag w\u00e4hrend der Rodenkirchener Sommertage","isPartOf":{"@id":"https:\/\/www.gaidaphotos.com\/blog\/#website"},"primaryImageOfPage":{"@id":"https:\/\/www.gaidaphotos.com\/blog\/2009\/06\/18\/koeln-rodenkirchen-verkaufsoffener-sonntag-sommertag\/#primaryimage"},"image":{"@id":"https:\/\/www.gaidaphotos.com\/blog\/2009\/06\/18\/koeln-rodenkirchen-verkaufsoffener-sonntag-sommertag\/#primaryimage"},"thumbnailUrl":"https:\/\/www.gaidaphotos.com\/blog\/wp-content\/uploads\/2009\/06\/koeln-rodenkirchener-sommertage-300x225.jpg","datePublished":"2009-06-18T09:00:53+00:00","dateModified":"2016-09-06T14:56:29+00:00","description":"Am kommenden Wochenende ist in K\u00f6ln Rodenkirchen auf dem Maternusplatz Strassenfest. Das Motto der Rodenkirchener Sommertage lautet ...","breadcrumb":{"@id":"https:\/\/www.gaidaphotos.com\/blog\/2009\/06\/18\/koeln-rodenkirchen-verkaufsoffener-sonntag-sommertag\/#breadcrumb"},"inLanguage":"de","potentialAction":[{"@type":"ReadAction","target":["https:\/\/www.gaidaphotos.com\/blog\/2009\/06\/18\/koeln-rodenkirchen-verkaufsoffener-sonntag-sommertag\/"]}]},{"@type":"ImageObject","inLanguage":"de","@id":"https:\/\/www.gaidaphotos.com\/blog\/2009\/06\/18\/koeln-rodenkirchen-verkaufsoffener-sonntag-sommertag\/#primaryimage","url":"https:\/\/i0.wp.com\/www.gaidaphotos.com\/blog\/wp-content\/uploads\/2009\/06\/koeln-rodenkirchener-sommertage.jpg?fit=2592%2C1944&ssl=1","contentUrl":"https:\/\/i0.wp.com\/www.gaidaphotos.com\/blog\/wp-content\/uploads\/2009\/06\/koeln-rodenkirchener-sommertage.jpg?fit=2592%2C1944&ssl=1","width":"2592","height":"1944","caption":"Maternusplatz - Schauplatz der Rodenkirchener Sommertage"},{"@type":"BreadcrumbList","@id":"https:\/\/www.gaidaphotos.com\/blog\/2009\/06\/18\/koeln-rodenkirchen-verkaufsoffener-sonntag-sommertag\/#breadcrumb","itemListElement":[{"@type":"ListItem","position":1,"name":"Startseite","item":"https:\/\/www.gaidaphotos.com\/blog\/"},{"@type":"ListItem","position":2,"name":"K\u00f6ln Rodenkirchen Einkaufen: verkaufsoffener Sonntag w\u00e4hrend der Rodenkirchener Sommertage"}]},{"@type":"WebSite","@id":"https:\/\/www.gaidaphotos.com\/blog\/#website","url":"https:\/\/www.gaidaphotos.com\/blog\/","name":"K\u00f6ln Rodenkirchen und die Welt","description":"Einkaufen, Restaurants, Freizeit, Nachrichten und was uns sonst bewegt und begegnet","publisher":{"@id":"https:\/\/www.gaidaphotos.com\/blog\/#organization"},"potentialAction":[{"@type":"SearchAction","target":{"@type":"EntryPoint","urlTemplate":"https:\/\/www.gaidaphotos.com\/blog\/?s={search_term_string}"},"query-input":{"@type":"PropertyValueSpecification","valueRequired":true,"valueName":"search_term_string"}}],"inLanguage":"de"},{"@type":"Organization","@id":"https:\/\/www.gaidaphotos.com\/blog\/#organization","name":"gaidaphotos","url":"https:\/\/www.gaidaphotos.com\/blog\/","logo":{"@type":"ImageObject","inLanguage":"de","@id":"https:\/\/www.gaidaphotos.com\/blog\/#\/schema\/logo\/image\/","url":"https:\/\/i0.wp.com\/www.gaidaphotos.com\/blog\/wp-content\/uploads\/2020\/07\/GAIDAPHOTOS-COM.jpg?fit=160%2C96&ssl=1","contentUrl":"https:\/\/i0.wp.com\/www.gaidaphotos.com\/blog\/wp-content\/uploads\/2020\/07\/GAIDAPHOTOS-COM.jpg?fit=160%2C96&ssl=1","width":160,"height":96,"caption":"gaidaphotos"},"image":{"@id":"https:\/\/www.gaidaphotos.com\/blog\/#\/schema\/logo\/image\/"},"sameAs":["https:\/\/www.facebook.com\/Koeln.Rodenkirchen","https:\/\/x.com\/gaidaphotos","https:\/\/instagram.com\/gaidaphotos\/","https:\/\/de.linkedin.com\/in\/gaidaphotos","https:\/\/myspace.com\/gaidaphotos","https:\/\/www.pinterest.com\/gaidaphotos\/","https:\/\/www.youtube.com\/user\/gaidaphotos"]},{"@type":"Person","@id":"https:\/\/www.gaidaphotos.com\/blog\/#\/schema\/person\/6c444a5b13ffc503c5c32f5a9ec68b21","name":"Thomas","sameAs":["https:\/\/www.gaidaphotos.com","https:\/\/www.facebook.com\/gaidaphotos","https:\/\/instagram.com\/gaidaphotos\/","https:\/\/www.linkedin.com\/in\/gaidaphotos","http:\/\/www.pinterest.com\/gaidaphotos\/","https:\/\/x.com\/gaidaphotos","https:\/\/myspace.com\/gaidaphotos","https:\/\/www.youtube.com\/user\/gaidaphotos","https:\/\/gaidaphotos.tumblr.com\/"]}]}},"jetpack_publicize_connections":[],"jetpack_featured_media_url":"","jetpack_sharing_enabled":true,"jetpack_likes_enabled":true,"jetpack-related-posts":[{"id":669,"url":"https:\/\/www.gaidaphotos.com\/blog\/2009\/06\/03\/roedenkirchener-sommertage\/","url_meta":{"origin":742,"position":0},"title":"K\u00f6ln-Rodenkirchen: Hollywood auf dem Maternusplatz?","author":"Thomas","date":"3. Juni 2009","format":false,"excerpt":"Rodenkirchener Sommertage? Rodenkirchener Sommertage 20. und 21. Juni 2009 Die allseits beliebten Rodenkirchener Sommertage finden in diesem Jahr zum ersten Mal, man k\u00f6nnte sagen endlich, auf dem Maternusplatz in K\u00f6ln Rodenkirchen statt. Bei ausreichender Beteiligung sind die Rodenkirchener Sommertage auch auf der Maternusstra\u00dfe, Wilhelmstra\u00dfe und Augustastra\u00dfe in K\u00f6ln Rodenkirchen zu\u2026","rel":"","context":"In &quot;K\u00f6ln Rodenkirchen Einkaufen&quot;","block_context":{"text":"K\u00f6ln Rodenkirchen Einkaufen","link":"https:\/\/www.gaidaphotos.com\/blog\/category\/koeln-rodenkirchen\/koeln-rodenkirchen-einkaufen\/"},"img":{"alt_text":"Rodenkirchener Sommertage","src":"https:\/\/i0.wp.com\/www.gaidaphotos.com\/blog\/wp-content\/uploads\/2009\/06\/hollywood-koeln-rodenkirchen-172x300.jpg?resize=350%2C200&ssl=1","width":350,"height":200},"classes":[]},{"id":1563,"url":"https:\/\/www.gaidaphotos.com\/blog\/2009\/06\/19\/rodenkirchener-sommertage-grose-ereignisse-werfen-ihre-schatten-voraus\/","url_meta":{"origin":742,"position":1},"title":"Rodenkirchener Sommertage: Gro\u00dfe Ereignisse werfen ihre Schatten voraus","author":"Thomas","date":"19. Juni 2009","format":false,"excerpt":"Morgen beginnen die Rodenkirchener Sommertage in K\u00f6ln Rodenkirchen. Schon heute wird auf dem Maternusplatz kr\u00e4ftig gewerkelt und aufgebaut. Morgen hei\u00dft es dann \"Rodenkirchen im Hollywoodfieber\". Sonntag haben die Gesch\u00e4fte ge\u00f6ffnet in K\u00f6ln Rodenkirchen zu den Rodenkirchener Sommertagen.","rel":"","context":"In &quot;17&quot;","block_context":{"text":"17","link":"https:\/\/www.gaidaphotos.com\/blog\/category\/mobile_news_von_unterwegs\/mobile_news_von_unterwegs-n95\/"},"img":{"alt_text":"","src":"","width":0,"height":0},"classes":[]},{"id":1684,"url":"https:\/\/www.gaidaphotos.com\/blog\/2009\/06\/19\/rodenkirchener-sommertage-fortschritt\/","url_meta":{"origin":742,"position":2},"title":"Rodenkirchener Sommertage: Fortschritt!","author":"Thomas","date":"19. Juni 2009","format":false,"excerpt":"Das Stra\u00dfenfest in K\u00f6ln Rodenkirchen nimmt Formen an. Ob zum Einkaufen und\/oder Freizeit ist ab Samstag in K\u00f6ln Rodenkirchen Gelegenheit genug.Das Karussell, die B\u00fchne und Tische und St\u00fchle sind aufgebaut. Bierst\u00e4nde und \u00f6ffentliches WC ebenfalls. Jetzt kann`s losgehen. Rodenkirchen im Hollywoodfieber - Sa. So. 20.-21. Juni 2009 in K\u00f6ln Rodenkirchen.\u2026","rel":"","context":"In &quot;17&quot;","block_context":{"text":"17","link":"https:\/\/www.gaidaphotos.com\/blog\/category\/mobile_news_von_unterwegs\/mobile_news_von_unterwegs-n95\/"},"img":{"alt_text":"","src":"","width":0,"height":0},"classes":[]},{"id":4782,"url":"https:\/\/www.gaidaphotos.com\/blog\/2012\/06\/21\/rodenkirchener-sommertage-2012-strassenfest\/","url_meta":{"origin":742,"position":3},"title":"Rodenkirchener Sommertage &#8211; Stra\u00dfenfest 30.06.- 01.07.2012","author":"Thomas","date":"21. Juni 2012","format":false,"excerpt":"\u201eRodenkirchener Sommertage\/Stra\u00dfenfest 2012- Wir sind der 12. Mann!\u201c \u2026pr\u00e4sentiert von der Aktionsgemeinschaft Rodenkirchen e. V., Gaffel K\u00f6lsch, Schneider Automaten, Sparkasse K\u00f6lnBonn und T\u00f6nissteiner am 30.06. und 01.07.2012 Am spielfreien Samstag ist Rodenkirchen am Ball mit einem Stra\u00dfenfest. Die Rodenkirchener Sommertage sind im Fu\u00dfball-Fieber. Rodenkirchener Sommertage - Stra\u00dfenfest 2012 Was hat\u2026","rel":"","context":"In &quot;K\u00f6ln Rodenkirchen Freizeit&quot;","block_context":{"text":"K\u00f6ln Rodenkirchen Freizeit","link":"https:\/\/www.gaidaphotos.com\/blog\/category\/koeln-rodenkirchen\/koeln-rodenkirchen-freizeit\/"},"img":{"alt_text":"Rodenkirchener Sommertage: Stra\u00dfenfest 2012","src":"https:\/\/i0.wp.com\/www.gaidaphotos.com\/blog\/wp-content\/uploads\/2012\/06\/rodenkirchener-sommertage-gaidaphotos-com.jpg?fit=400%2C721&ssl=1&resize=350%2C200","width":350,"height":200},"classes":[]},{"id":2304,"url":"https:\/\/www.gaidaphotos.com\/blog\/2009\/12\/06\/koeln-rodenkirchen-verkaufsoffener-sonntag-nikolaus-grosses-programm\/","url_meta":{"origin":742,"position":4},"title":"K\u00f6ln-Rodenkirchen: verkaufsoffener Sonntag &#8211; Nikolaus &#038; grosses B\u00fchnenprogramm","author":"Thomas","date":"6. Dezember 2009","format":false,"excerpt":"K\u00f6ln-Rodenkirchen: verkaufsoffener Sonntag - Nikolaus & grosses B\u00fchnenprogramm Auch in diesem Advent kommt der Nikolaus nach K\u00f6ln Rodenkirchen auf den Maternusplatz. Die Rodenkirchener feiern auch in diesem Jahr Nikolaus und Advent mit einem grossen B\u00fchnenprogramm auf dem Maternusplatz. Die Gesch\u00e4fte in K\u00f6ln Rodenkirchen haben daf\u00fcr von 12:00 bis 19:00h am\u2026","rel":"","context":"In &quot;K\u00f6ln Rodenkirchen&quot;","block_context":{"text":"K\u00f6ln Rodenkirchen","link":"https:\/\/www.gaidaphotos.com\/blog\/category\/koeln-rodenkirchen\/"},"img":{"alt_text":"","src":"https:\/\/i0.wp.com\/www.gaidaphotos.com\/blog\/wp-content\/uploads\/2009\/12\/koeln-rodenkirchen-verkaufsoffener-sonntag-03.jpg?resize=350%2C200&ssl=1","width":350,"height":200},"classes":[]},{"id":6440,"url":"https:\/\/www.gaidaphotos.com\/blog\/2014\/06\/17\/rodenkirchener-sommertage-28-29-06-2014\/","url_meta":{"origin":742,"position":5},"title":"Rodenkirchener Sommertage 28. &#038; 29.06.2014","author":"Thomas","date":"17. Juni 2014","format":false,"excerpt":"Rodenkirchener Sommertage 2014 Der K\u00f6lner S\u00fcden trifft sich am 28. und 29. Juni 2014 in Rodenkirchen zum gro\u00dfen Stra\u00dfenfest und verkaufsoffenem Sonntag. Das Motto in diesem jahr lautet: Copacabana - Hei\u00dfe Rhythmen auf den Stra\u00dfen Rodenkirchens Mit dem Motto passend zum Gastgeber der diesj\u00e4hrigen Fu\u00dfball WM \u00fcberrascht uns der Veranstalter\u2026","rel":"","context":"In &quot;K\u00f6ln Rodenkirchen&quot;","block_context":{"text":"K\u00f6ln Rodenkirchen","link":"https:\/\/www.gaidaphotos.com\/blog\/category\/koeln-rodenkirchen\/"},"img":{"alt_text":"","src":"https:\/\/i0.wp.com\/www.gaidaphotos.com\/blog\/wp-content\/uploads\/ngg_featured\/rodenkirchen-sommerfest-2013-09.jpg?fit=667%2C1000&ssl=1&resize=350%2C200","width":350,"height":200,"srcset":"https:\/\/i0.wp.com\/www.gaidaphotos.com\/blog\/wp-content\/uploads\/ngg_featured\/rodenkirchen-sommerfest-2013-09.jpg?fit=667%2C1000&ssl=1&resize=350%2C200 1x, https:\/\/i0.wp.com\/www.gaidaphotos.com\/blog\/wp-content\/uploads\/ngg_featured\/rodenkirchen-sommerfest-2013-09.jpg?fit=667%2C1000&ssl=1&resize=525%2C300 1.5x"},"classes":[]}],"_links":{"self":[{"href":"https:\/\/www.gaidaphotos.com\/blog\/wp-json\/wp\/v2\/posts\/742","targetHints":{"allow":["GET"]}}],"collection":[{"href":"https:\/\/www.gaidaphotos.com\/blog\/wp-json\/wp\/v2\/posts"}],"about":[{"href":"https:\/\/www.gaidaphotos.com\/blog\/wp-json\/wp\/v2\/types\/post"}],"author":[{"embeddable":true,"href":"https:\/\/www.gaidaphotos.com\/blog\/wp-json\/wp\/v2\/users\/6"}],"replies":[{"embeddable":true,"href":"https:\/\/www.gaidaphotos.com\/blog\/wp-json\/wp\/v2\/comments?post=742"}],"version-history":[{"count":0,"href":"https:\/\/www.gaidaphotos.com\/blog\/wp-json\/wp\/v2\/posts\/742\/revisions"}],"wp:attachment":[{"href":"https:\/\/www.gaidaphotos.com\/blog\/wp-json\/wp\/v2\/media?parent=742"}],"wp:term":[{"taxonomy":"category","embeddable":true,"href":"https:\/\/www.gaidaphotos.com\/blog\/wp-json\/wp\/v2\/categories?post=742"},{"taxonomy":"post_tag","embeddable":true,"href":"https:\/\/www.gaidaphotos.com\/blog\/wp-json\/wp\/v2\/tags?post=742"}],"curies":[{"name":"wp","href":"https:\/\/api.w.org\/{rel}","templated":true}]}}