{"id":748,"date":"2009-06-19T10:00:03","date_gmt":"2009-06-19T08:00:03","guid":{"rendered":"http:\/\/gaidaphotos.com\/blog\/?p=748"},"modified":"2014-03-24T16:46:19","modified_gmt":"2014-03-24T15:46:19","slug":"maastricht-holland-flohmarkt","status":"publish","type":"post","link":"https:\/\/www.gaidaphotos.com\/blog\/2009\/06\/19\/maastricht-holland-flohmarkt\/","title":{"rendered":"Maastricht (Holland): Einkaufen auf dem Flohmarkt"},"content":{"rendered":"<p>Maastricht (Holland):&nbsp;<strong>Einkaufen auf dem Flohmarkt<\/strong><\/p>\n<figure id=\"attachment_750\" aria-describedby=\"caption-attachment-750\" style=\"width: 300px\" class=\"wp-caption alignleft\"><img data-recalc-dims=\"1\" loading=\"lazy\" decoding=\"async\" class=\"size-medium wp-image-750\" src=\"https:\/\/i0.wp.com\/www.gaidaphotos.com\/blog\/wp-content\/uploads\/2009\/06\/maastricht-holland-einkaufen-troedelmarkt.jpg?resize=300%2C225&#038;ssl=1\" alt=\"Maastricht Holland: Flohmarkt am Stadthaus\" width=\"300\" height=\"225\" srcset=\"https:\/\/i0.wp.com\/www.gaidaphotos.com\/blog\/wp-content\/uploads\/2009\/06\/maastricht-holland-einkaufen-troedelmarkt.jpg?resize=300%2C225&amp;ssl=1 300w, https:\/\/i0.wp.com\/www.gaidaphotos.com\/blog\/wp-content\/uploads\/2009\/06\/maastricht-holland-einkaufen-troedelmarkt.jpg?resize=1024%2C768&amp;ssl=1 1024w, https:\/\/i0.wp.com\/www.gaidaphotos.com\/blog\/wp-content\/uploads\/2009\/06\/maastricht-holland-einkaufen-troedelmarkt.jpg?w=1820&amp;ssl=1 1820w\" sizes=\"auto, (max-width: 300px) 100vw, 300px\" \/><figcaption id=\"caption-attachment-750\" class=\"wp-caption-text\">Maastricht Holland: Flohmarkt am Stadthaus<\/figcaption><\/figure>\n<p>&nbsp;Hier noch ein paar Impressionen vom letzten Einkaufen auf dem Flohmarkt in Maastricht.<\/p>\n<p>Die Termine f\u00fcr den n\u00e4chsten Flohmarkt:<br \/>\nErg\u00e4nzung M\u00e4rz 2014:<br \/>\nDie neuen <strong><a href=\"https:\/\/www.gaidaphotos.com\/blog\/2014\/03\/24\/flohmarkt-troedelmarkt-maastricht-holland-2014\/\" title=\"Flohmarkt \u2013 Tr\u00f6delmarkt Maastricht (Holland) 2014\">Flohmarkttermine f\u00fcr Maastricht (Holland) 2014<\/a><\/strong> sind da!<br \/>\nWenn Sie automatisch \u00fcber die Daten f\u00fcr Flohm\u00e4rkte in Holland informiert werden m\u00f6chten, abonnieren Sie unsere Beitr\u00e4ge (Symbol rechts oben) oder werden Sie Fan bei Facebook oder Google+.<\/p>\n<p>Die Auswahl an den St\u00e4nden des Flohmarkt in Maastricht ist professionell und von h\u00f6herer Qualit\u00e4t. Die Preise scheinen g\u00fcnstiger als auf dem Flohmarkt in Deutschland. Vor allem findet man auch \u00e4lteres und ungew\u00f6hnliches, dass wir so nicht mehr vom Flohmarkt in Deutschlnad kennen.<\/p>\n<p>\u00dcbrigens, &#8222;Handeln&#8220; lohnt sich. Viel Spa\u00df und Viel Gl\u00fcck.<\/p>\n<figure id=\"attachment_752\" aria-describedby=\"caption-attachment-752\" style=\"width: 300px\" class=\"wp-caption aligncenter\"><img data-recalc-dims=\"1\" loading=\"lazy\" decoding=\"async\" class=\"size-medium wp-image-752\" src=\"https:\/\/i0.wp.com\/www.gaidaphotos.com\/blog\/wp-content\/uploads\/2009\/06\/maastricht-holland-einkaufen-troedelmarkt-flohmarkt.jpg?resize=300%2C225&#038;ssl=1\" alt=\"Impressionen vom Flohmarkt\" width=\"300\" height=\"225\" srcset=\"https:\/\/i0.wp.com\/www.gaidaphotos.com\/blog\/wp-content\/uploads\/2009\/06\/maastricht-holland-einkaufen-troedelmarkt-flohmarkt.jpg?resize=300%2C225&amp;ssl=1 300w, https:\/\/i0.wp.com\/www.gaidaphotos.com\/blog\/wp-content\/uploads\/2009\/06\/maastricht-holland-einkaufen-troedelmarkt-flohmarkt.jpg?resize=1024%2C768&amp;ssl=1 1024w, https:\/\/i0.wp.com\/www.gaidaphotos.com\/blog\/wp-content\/uploads\/2009\/06\/maastricht-holland-einkaufen-troedelmarkt-flohmarkt.jpg?w=1820&amp;ssl=1 1820w\" sizes=\"auto, (max-width: 300px) 100vw, 300px\" \/><figcaption id=\"caption-attachment-752\" class=\"wp-caption-text\">Impressionen vom Flohmarkt<\/figcaption><\/figure>\n<p>Hier finden Sie die neuen Termine <strong><a href=\"https:\/\/www.gaidaphotos.com\/blog\/2012\/01\/05\/flohmarkt-troedelmarkt-antikmarkt-maastricht-holland-2012\/\" title=\"Flohmarkt \u2013 Tr\u00f6delmarkt \u2013 Antikmarkt Maastricht (Holland) 2012\">Flohmarkt &#8211; Tr\u00f6delmarkt &#8211; Antikmarkt Maastricht (Holland) 2012<\/a><\/strong><\/p>\n","protected":false},"excerpt":{"rendered":"<p>Maastricht (Holland):&nbsp;Einkaufen auf dem Flohmarkt &nbsp;Hier noch ein paar Impressionen vom letzten Einkaufen auf dem Flohmarkt in Maastricht. Die Termine<\/p>\n","protected":false},"author":6,"featured_media":0,"comment_status":"closed","ping_status":"closed","sticky":false,"template":"","format":"standard","meta":{"_crdt_document":"","ngg_post_thumbnail":0,"jetpack_post_was_ever_published":false,"_jetpack_newsletter_access":"","_jetpack_dont_email_post_to_subs":false,"_jetpack_newsletter_tier_id":0,"_jetpack_memberships_contains_paywalled_content":false,"_jetpack_memberships_contains_paid_content":false,"footnotes":"","jetpack_publicize_message":"","jetpack_publicize_feature_enabled":true,"jetpack_social_post_already_shared":false,"jetpack_social_options":{"image_generator_settings":{"template":"highway","default_image_id":0,"font":"","enabled":false},"version":2}},"categories":[76,109],"tags":[108,131,540,550,541,132],"class_list":["post-748","post","type-post","status-publish","format-standard","hentry","category-holland","category-maastricht-einkaufen-restaurants","tag-einkaufen","tag-flohmarkttroedelmarkt","tag-holland","tag-maastricht","tag-reise","tag-urlaubs-tips"],"yoast_head":"<!-- This site is optimized with the Yoast SEO plugin v27.5 - https:\/\/yoast.com\/product\/yoast-seo-wordpress\/ -->\n<title>Maastricht (Holland): Einkaufen auf dem Flohmarkt<\/title>\n<meta name=\"description\" content=\"Impressionen und Tips vom Flohmarkt in Maastricht (Holland), Termine 2009\" \/>\n<meta name=\"robots\" content=\"index, follow, max-snippet:-1, max-image-preview:large, max-video-preview:-1\" \/>\n<link rel=\"canonical\" href=\"https:\/\/www.gaidaphotos.com\/blog\/2009\/06\/19\/maastricht-holland-flohmarkt\/\" \/>\n<meta property=\"og:locale\" content=\"de_DE\" \/>\n<meta property=\"og:type\" content=\"article\" \/>\n<meta property=\"og:title\" content=\"Maastricht (Holland): Einkaufen auf dem Flohmarkt\" \/>\n<meta property=\"og:description\" content=\"Impressionen und Tips vom Flohmarkt in Maastricht (Holland), Termine 2009\" \/>\n<meta property=\"og:url\" content=\"https:\/\/www.gaidaphotos.com\/blog\/2009\/06\/19\/maastricht-holland-flohmarkt\/\" \/>\n<meta property=\"og:site_name\" content=\"K\u00f6ln Rodenkirchen und die Welt\" \/>\n<meta property=\"article:publisher\" content=\"https:\/\/www.facebook.com\/Koeln.Rodenkirchen\" \/>\n<meta property=\"article:author\" content=\"https:\/\/www.facebook.com\/gaidaphotos\" \/>\n<meta property=\"article:published_time\" content=\"2009-06-19T08:00:03+00:00\" \/>\n<meta property=\"article:modified_time\" content=\"2014-03-24T15:46:19+00:00\" \/>\n<meta property=\"og:image\" content=\"https:\/\/www.gaidaphotos.com\/blog\/wp-content\/uploads\/2009\/06\/maastricht-holland-einkaufen-troedelmarkt-300x225.jpg\" \/>\n<meta name=\"author\" content=\"Thomas\" \/>\n<meta name=\"twitter:card\" content=\"summary_large_image\" \/>\n<meta name=\"twitter:creator\" content=\"@gaidaphotos\" \/>\n<meta name=\"twitter:site\" content=\"@gaidaphotos\" \/>\n<meta name=\"twitter:label1\" content=\"Verfasst von\" \/>\n\t<meta name=\"twitter:data1\" content=\"Thomas\" \/>\n\t<meta name=\"twitter:label2\" content=\"Gesch\u00e4tzte Lesezeit\" \/>\n\t<meta name=\"twitter:data2\" content=\"1\u00a0Minute\" \/>\n<script type=\"application\/ld+json\" class=\"yoast-schema-graph\">{\"@context\":\"https:\\\/\\\/schema.org\",\"@graph\":[{\"@type\":\"Article\",\"@id\":\"https:\\\/\\\/www.gaidaphotos.com\\\/blog\\\/2009\\\/06\\\/19\\\/maastricht-holland-flohmarkt\\\/#article\",\"isPartOf\":{\"@id\":\"https:\\\/\\\/www.gaidaphotos.com\\\/blog\\\/2009\\\/06\\\/19\\\/maastricht-holland-flohmarkt\\\/\"},\"author\":{\"name\":\"Thomas\",\"@id\":\"https:\\\/\\\/www.gaidaphotos.com\\\/blog\\\/#\\\/schema\\\/person\\\/6c444a5b13ffc503c5c32f5a9ec68b21\"},\"headline\":\"Maastricht (Holland): Einkaufen auf dem Flohmarkt\",\"datePublished\":\"2009-06-19T08:00:03+00:00\",\"dateModified\":\"2014-03-24T15:46:19+00:00\",\"mainEntityOfPage\":{\"@id\":\"https:\\\/\\\/www.gaidaphotos.com\\\/blog\\\/2009\\\/06\\\/19\\\/maastricht-holland-flohmarkt\\\/\"},\"wordCount\":176,\"publisher\":{\"@id\":\"https:\\\/\\\/www.gaidaphotos.com\\\/blog\\\/#organization\"},\"image\":{\"@id\":\"https:\\\/\\\/www.gaidaphotos.com\\\/blog\\\/2009\\\/06\\\/19\\\/maastricht-holland-flohmarkt\\\/#primaryimage\"},\"thumbnailUrl\":\"https:\\\/\\\/www.gaidaphotos.com\\\/blog\\\/wp-content\\\/uploads\\\/2009\\\/06\\\/maastricht-holland-einkaufen-troedelmarkt-300x225.jpg\",\"keywords\":[\"Einkaufen\\\/ Shopping\",\"Flohmarkt\\\/ Tr\u00f6delmarkt\",\"Holland\",\"Maastricht\",\"Reise\\\/ Reisen\",\"Urlaub\"],\"articleSection\":[\"Holland\",\"Maastricht: Einkaufen, Restaurant &amp; Freizeit\"],\"inLanguage\":\"de\"},{\"@type\":\"WebPage\",\"@id\":\"https:\\\/\\\/www.gaidaphotos.com\\\/blog\\\/2009\\\/06\\\/19\\\/maastricht-holland-flohmarkt\\\/\",\"url\":\"https:\\\/\\\/www.gaidaphotos.com\\\/blog\\\/2009\\\/06\\\/19\\\/maastricht-holland-flohmarkt\\\/\",\"name\":\"Maastricht (Holland): Einkaufen auf dem Flohmarkt\",\"isPartOf\":{\"@id\":\"https:\\\/\\\/www.gaidaphotos.com\\\/blog\\\/#website\"},\"primaryImageOfPage\":{\"@id\":\"https:\\\/\\\/www.gaidaphotos.com\\\/blog\\\/2009\\\/06\\\/19\\\/maastricht-holland-flohmarkt\\\/#primaryimage\"},\"image\":{\"@id\":\"https:\\\/\\\/www.gaidaphotos.com\\\/blog\\\/2009\\\/06\\\/19\\\/maastricht-holland-flohmarkt\\\/#primaryimage\"},\"thumbnailUrl\":\"https:\\\/\\\/www.gaidaphotos.com\\\/blog\\\/wp-content\\\/uploads\\\/2009\\\/06\\\/maastricht-holland-einkaufen-troedelmarkt-300x225.jpg\",\"datePublished\":\"2009-06-19T08:00:03+00:00\",\"dateModified\":\"2014-03-24T15:46:19+00:00\",\"description\":\"Impressionen und Tips vom Flohmarkt in Maastricht (Holland), Termine 2009\",\"breadcrumb\":{\"@id\":\"https:\\\/\\\/www.gaidaphotos.com\\\/blog\\\/2009\\\/06\\\/19\\\/maastricht-holland-flohmarkt\\\/#breadcrumb\"},\"inLanguage\":\"de\",\"potentialAction\":[{\"@type\":\"ReadAction\",\"target\":[\"https:\\\/\\\/www.gaidaphotos.com\\\/blog\\\/2009\\\/06\\\/19\\\/maastricht-holland-flohmarkt\\\/\"]}]},{\"@type\":\"ImageObject\",\"inLanguage\":\"de\",\"@id\":\"https:\\\/\\\/www.gaidaphotos.com\\\/blog\\\/2009\\\/06\\\/19\\\/maastricht-holland-flohmarkt\\\/#primaryimage\",\"url\":\"https:\\\/\\\/i0.wp.com\\\/www.gaidaphotos.com\\\/blog\\\/wp-content\\\/uploads\\\/2009\\\/06\\\/maastricht-holland-einkaufen-troedelmarkt.jpg?fit=2592%2C1944&ssl=1\",\"contentUrl\":\"https:\\\/\\\/i0.wp.com\\\/www.gaidaphotos.com\\\/blog\\\/wp-content\\\/uploads\\\/2009\\\/06\\\/maastricht-holland-einkaufen-troedelmarkt.jpg?fit=2592%2C1944&ssl=1\",\"width\":\"2592\",\"height\":\"1944\",\"caption\":\"Maastricht Holland: Flohmarkt am Stadthaus\"},{\"@type\":\"BreadcrumbList\",\"@id\":\"https:\\\/\\\/www.gaidaphotos.com\\\/blog\\\/2009\\\/06\\\/19\\\/maastricht-holland-flohmarkt\\\/#breadcrumb\",\"itemListElement\":[{\"@type\":\"ListItem\",\"position\":1,\"name\":\"Startseite\",\"item\":\"https:\\\/\\\/www.gaidaphotos.com\\\/blog\\\/\"},{\"@type\":\"ListItem\",\"position\":2,\"name\":\"Maastricht (Holland): Einkaufen auf dem Flohmarkt\"}]},{\"@type\":\"WebSite\",\"@id\":\"https:\\\/\\\/www.gaidaphotos.com\\\/blog\\\/#website\",\"url\":\"https:\\\/\\\/www.gaidaphotos.com\\\/blog\\\/\",\"name\":\"K\u00f6ln Rodenkirchen und die Welt\",\"description\":\"Einkaufen, Restaurants, Freizeit, Nachrichten und was uns sonst bewegt und begegnet\",\"publisher\":{\"@id\":\"https:\\\/\\\/www.gaidaphotos.com\\\/blog\\\/#organization\"},\"potentialAction\":[{\"@type\":\"SearchAction\",\"target\":{\"@type\":\"EntryPoint\",\"urlTemplate\":\"https:\\\/\\\/www.gaidaphotos.com\\\/blog\\\/?s={search_term_string}\"},\"query-input\":{\"@type\":\"PropertyValueSpecification\",\"valueRequired\":true,\"valueName\":\"search_term_string\"}}],\"inLanguage\":\"de\"},{\"@type\":\"Organization\",\"@id\":\"https:\\\/\\\/www.gaidaphotos.com\\\/blog\\\/#organization\",\"name\":\"gaidaphotos\",\"url\":\"https:\\\/\\\/www.gaidaphotos.com\\\/blog\\\/\",\"logo\":{\"@type\":\"ImageObject\",\"inLanguage\":\"de\",\"@id\":\"https:\\\/\\\/www.gaidaphotos.com\\\/blog\\\/#\\\/schema\\\/logo\\\/image\\\/\",\"url\":\"https:\\\/\\\/i0.wp.com\\\/www.gaidaphotos.com\\\/blog\\\/wp-content\\\/uploads\\\/2020\\\/07\\\/GAIDAPHOTOS-COM.jpg?fit=160%2C96&ssl=1\",\"contentUrl\":\"https:\\\/\\\/i0.wp.com\\\/www.gaidaphotos.com\\\/blog\\\/wp-content\\\/uploads\\\/2020\\\/07\\\/GAIDAPHOTOS-COM.jpg?fit=160%2C96&ssl=1\",\"width\":160,\"height\":96,\"caption\":\"gaidaphotos\"},\"image\":{\"@id\":\"https:\\\/\\\/www.gaidaphotos.com\\\/blog\\\/#\\\/schema\\\/logo\\\/image\\\/\"},\"sameAs\":[\"https:\\\/\\\/www.facebook.com\\\/Koeln.Rodenkirchen\",\"https:\\\/\\\/x.com\\\/gaidaphotos\",\"https:\\\/\\\/instagram.com\\\/gaidaphotos\\\/\",\"https:\\\/\\\/de.linkedin.com\\\/in\\\/gaidaphotos\",\"https:\\\/\\\/myspace.com\\\/gaidaphotos\",\"https:\\\/\\\/www.pinterest.com\\\/gaidaphotos\\\/\",\"https:\\\/\\\/www.youtube.com\\\/user\\\/gaidaphotos\"]},{\"@type\":\"Person\",\"@id\":\"https:\\\/\\\/www.gaidaphotos.com\\\/blog\\\/#\\\/schema\\\/person\\\/6c444a5b13ffc503c5c32f5a9ec68b21\",\"name\":\"Thomas\",\"sameAs\":[\"https:\\\/\\\/www.gaidaphotos.com\",\"https:\\\/\\\/www.facebook.com\\\/gaidaphotos\",\"https:\\\/\\\/instagram.com\\\/gaidaphotos\\\/\",\"https:\\\/\\\/www.linkedin.com\\\/in\\\/gaidaphotos\",\"http:\\\/\\\/www.pinterest.com\\\/gaidaphotos\\\/\",\"https:\\\/\\\/x.com\\\/gaidaphotos\",\"https:\\\/\\\/myspace.com\\\/gaidaphotos\",\"https:\\\/\\\/www.youtube.com\\\/user\\\/gaidaphotos\",\"https:\\\/\\\/gaidaphotos.tumblr.com\\\/\"]}]}<\/script>\n<!-- \/ Yoast SEO plugin. -->","yoast_head_json":{"title":"Maastricht (Holland): Einkaufen auf dem Flohmarkt","description":"Impressionen und Tips vom Flohmarkt in Maastricht (Holland), Termine 2009","robots":{"index":"index","follow":"follow","max-snippet":"max-snippet:-1","max-image-preview":"max-image-preview:large","max-video-preview":"max-video-preview:-1"},"canonical":"https:\/\/www.gaidaphotos.com\/blog\/2009\/06\/19\/maastricht-holland-flohmarkt\/","og_locale":"de_DE","og_type":"article","og_title":"Maastricht (Holland): Einkaufen auf dem Flohmarkt","og_description":"Impressionen und Tips vom Flohmarkt in Maastricht (Holland), Termine 2009","og_url":"https:\/\/www.gaidaphotos.com\/blog\/2009\/06\/19\/maastricht-holland-flohmarkt\/","og_site_name":"K\u00f6ln Rodenkirchen und die Welt","article_publisher":"https:\/\/www.facebook.com\/Koeln.Rodenkirchen","article_author":"https:\/\/www.facebook.com\/gaidaphotos","article_published_time":"2009-06-19T08:00:03+00:00","article_modified_time":"2014-03-24T15:46:19+00:00","og_image":[{"url":"https:\/\/www.gaidaphotos.com\/blog\/wp-content\/uploads\/2009\/06\/maastricht-holland-einkaufen-troedelmarkt-300x225.jpg","type":"","width":"","height":""}],"author":"Thomas","twitter_card":"summary_large_image","twitter_creator":"@gaidaphotos","twitter_site":"@gaidaphotos","twitter_misc":{"Verfasst von":"Thomas","Gesch\u00e4tzte Lesezeit":"1\u00a0Minute"},"schema":{"@context":"https:\/\/schema.org","@graph":[{"@type":"Article","@id":"https:\/\/www.gaidaphotos.com\/blog\/2009\/06\/19\/maastricht-holland-flohmarkt\/#article","isPartOf":{"@id":"https:\/\/www.gaidaphotos.com\/blog\/2009\/06\/19\/maastricht-holland-flohmarkt\/"},"author":{"name":"Thomas","@id":"https:\/\/www.gaidaphotos.com\/blog\/#\/schema\/person\/6c444a5b13ffc503c5c32f5a9ec68b21"},"headline":"Maastricht (Holland): Einkaufen auf dem Flohmarkt","datePublished":"2009-06-19T08:00:03+00:00","dateModified":"2014-03-24T15:46:19+00:00","mainEntityOfPage":{"@id":"https:\/\/www.gaidaphotos.com\/blog\/2009\/06\/19\/maastricht-holland-flohmarkt\/"},"wordCount":176,"publisher":{"@id":"https:\/\/www.gaidaphotos.com\/blog\/#organization"},"image":{"@id":"https:\/\/www.gaidaphotos.com\/blog\/2009\/06\/19\/maastricht-holland-flohmarkt\/#primaryimage"},"thumbnailUrl":"https:\/\/www.gaidaphotos.com\/blog\/wp-content\/uploads\/2009\/06\/maastricht-holland-einkaufen-troedelmarkt-300x225.jpg","keywords":["Einkaufen\/ Shopping","Flohmarkt\/ Tr\u00f6delmarkt","Holland","Maastricht","Reise\/ Reisen","Urlaub"],"articleSection":["Holland","Maastricht: Einkaufen, Restaurant &amp; Freizeit"],"inLanguage":"de"},{"@type":"WebPage","@id":"https:\/\/www.gaidaphotos.com\/blog\/2009\/06\/19\/maastricht-holland-flohmarkt\/","url":"https:\/\/www.gaidaphotos.com\/blog\/2009\/06\/19\/maastricht-holland-flohmarkt\/","name":"Maastricht (Holland): Einkaufen auf dem Flohmarkt","isPartOf":{"@id":"https:\/\/www.gaidaphotos.com\/blog\/#website"},"primaryImageOfPage":{"@id":"https:\/\/www.gaidaphotos.com\/blog\/2009\/06\/19\/maastricht-holland-flohmarkt\/#primaryimage"},"image":{"@id":"https:\/\/www.gaidaphotos.com\/blog\/2009\/06\/19\/maastricht-holland-flohmarkt\/#primaryimage"},"thumbnailUrl":"https:\/\/www.gaidaphotos.com\/blog\/wp-content\/uploads\/2009\/06\/maastricht-holland-einkaufen-troedelmarkt-300x225.jpg","datePublished":"2009-06-19T08:00:03+00:00","dateModified":"2014-03-24T15:46:19+00:00","description":"Impressionen und Tips vom Flohmarkt in Maastricht (Holland), Termine 2009","breadcrumb":{"@id":"https:\/\/www.gaidaphotos.com\/blog\/2009\/06\/19\/maastricht-holland-flohmarkt\/#breadcrumb"},"inLanguage":"de","potentialAction":[{"@type":"ReadAction","target":["https:\/\/www.gaidaphotos.com\/blog\/2009\/06\/19\/maastricht-holland-flohmarkt\/"]}]},{"@type":"ImageObject","inLanguage":"de","@id":"https:\/\/www.gaidaphotos.com\/blog\/2009\/06\/19\/maastricht-holland-flohmarkt\/#primaryimage","url":"https:\/\/i0.wp.com\/www.gaidaphotos.com\/blog\/wp-content\/uploads\/2009\/06\/maastricht-holland-einkaufen-troedelmarkt.jpg?fit=2592%2C1944&ssl=1","contentUrl":"https:\/\/i0.wp.com\/www.gaidaphotos.com\/blog\/wp-content\/uploads\/2009\/06\/maastricht-holland-einkaufen-troedelmarkt.jpg?fit=2592%2C1944&ssl=1","width":"2592","height":"1944","caption":"Maastricht Holland: Flohmarkt am Stadthaus"},{"@type":"BreadcrumbList","@id":"https:\/\/www.gaidaphotos.com\/blog\/2009\/06\/19\/maastricht-holland-flohmarkt\/#breadcrumb","itemListElement":[{"@type":"ListItem","position":1,"name":"Startseite","item":"https:\/\/www.gaidaphotos.com\/blog\/"},{"@type":"ListItem","position":2,"name":"Maastricht (Holland): Einkaufen auf dem Flohmarkt"}]},{"@type":"WebSite","@id":"https:\/\/www.gaidaphotos.com\/blog\/#website","url":"https:\/\/www.gaidaphotos.com\/blog\/","name":"K\u00f6ln Rodenkirchen und die Welt","description":"Einkaufen, Restaurants, Freizeit, Nachrichten und was uns sonst bewegt und begegnet","publisher":{"@id":"https:\/\/www.gaidaphotos.com\/blog\/#organization"},"potentialAction":[{"@type":"SearchAction","target":{"@type":"EntryPoint","urlTemplate":"https:\/\/www.gaidaphotos.com\/blog\/?s={search_term_string}"},"query-input":{"@type":"PropertyValueSpecification","valueRequired":true,"valueName":"search_term_string"}}],"inLanguage":"de"},{"@type":"Organization","@id":"https:\/\/www.gaidaphotos.com\/blog\/#organization","name":"gaidaphotos","url":"https:\/\/www.gaidaphotos.com\/blog\/","logo":{"@type":"ImageObject","inLanguage":"de","@id":"https:\/\/www.gaidaphotos.com\/blog\/#\/schema\/logo\/image\/","url":"https:\/\/i0.wp.com\/www.gaidaphotos.com\/blog\/wp-content\/uploads\/2020\/07\/GAIDAPHOTOS-COM.jpg?fit=160%2C96&ssl=1","contentUrl":"https:\/\/i0.wp.com\/www.gaidaphotos.com\/blog\/wp-content\/uploads\/2020\/07\/GAIDAPHOTOS-COM.jpg?fit=160%2C96&ssl=1","width":160,"height":96,"caption":"gaidaphotos"},"image":{"@id":"https:\/\/www.gaidaphotos.com\/blog\/#\/schema\/logo\/image\/"},"sameAs":["https:\/\/www.facebook.com\/Koeln.Rodenkirchen","https:\/\/x.com\/gaidaphotos","https:\/\/instagram.com\/gaidaphotos\/","https:\/\/de.linkedin.com\/in\/gaidaphotos","https:\/\/myspace.com\/gaidaphotos","https:\/\/www.pinterest.com\/gaidaphotos\/","https:\/\/www.youtube.com\/user\/gaidaphotos"]},{"@type":"Person","@id":"https:\/\/www.gaidaphotos.com\/blog\/#\/schema\/person\/6c444a5b13ffc503c5c32f5a9ec68b21","name":"Thomas","sameAs":["https:\/\/www.gaidaphotos.com","https:\/\/www.facebook.com\/gaidaphotos","https:\/\/instagram.com\/gaidaphotos\/","https:\/\/www.linkedin.com\/in\/gaidaphotos","http:\/\/www.pinterest.com\/gaidaphotos\/","https:\/\/x.com\/gaidaphotos","https:\/\/myspace.com\/gaidaphotos","https:\/\/www.youtube.com\/user\/gaidaphotos","https:\/\/gaidaphotos.tumblr.com\/"]}]}},"jetpack_publicize_connections":[],"jetpack_featured_media_url":"","jetpack_sharing_enabled":true,"jetpack_likes_enabled":true,"jetpack-related-posts":[{"id":625,"url":"https:\/\/www.gaidaphotos.com\/blog\/2009\/05\/21\/maastricht-einkaufen-auf-dem-flohmarkt-foto\/","url_meta":{"origin":748,"position":0},"title":"Maastricht: Einkaufen auf dem Flohmarkt (Foto)","author":"Thomas","date":"21. Mai 2009","format":false,"excerpt":"Wenn in Deutschland an Feiertag die L\u00e4den geschlossen sind kann man in Maastricht toll Einkaufen. Noch besser ist es, wenn Flohmarkt ist. Erg\u00e4nzung M\u00e4rz 2014: Die neuen Flohmarkttermine f\u00fcr Maastricht (Holland) 2014 sind da! Wenn Sie automatisch \u00fcber die Daten f\u00fcr Flohm\u00e4rkte in Holland informiert werden m\u00f6chten, abonnieren Sie unsere\u2026","rel":"","context":"In &quot;17&quot;","block_context":{"text":"17","link":"https:\/\/www.gaidaphotos.com\/blog\/category\/mobile_news_von_unterwegs\/mobile_news_von_unterwegs-n95\/"},"img":{"alt_text":"","src":"","width":0,"height":0},"classes":[]},{"id":2346,"url":"https:\/\/www.gaidaphotos.com\/blog\/2010\/01\/05\/maastricht-antikmarkt-flohmarkt-troedelmark\/","url_meta":{"origin":748,"position":1},"title":"Maastricht: Antikmarkt &#8211; Flohmarkt &#8211; Tr\u00f6delmarkt 2010","author":"Thomas","date":"5. Januar 2010","format":false,"excerpt":"Antikmarkt \u2013 Flohmarkt \u2013 Tr\u00f6delmarkt in Maastricht und Umgebung 2010 Hier finden Sie die neuen Termine Erg\u00e4nzung M\u00e4rz 2014: Die neuen Flohmarkttermine f\u00fcr Maastricht (Holland) 2014 sind da! Wenn Sie automatisch \u00fcber die Daten f\u00fcr Flohm\u00e4rkte in Holland informiert werden m\u00f6chten, abonnieren Sie unsere Beitr\u00e4ge (Symbol rechts oben) oder werden\u2026","rel":"","context":"In &quot;Holland&quot;","block_context":{"text":"Holland","link":"https:\/\/www.gaidaphotos.com\/blog\/category\/reise\/holland\/"},"img":{"alt_text":"Maastricht, Blanche Deal, Erdnussr\u00f6sterrei","src":"https:\/\/i0.wp.com\/www.gaidaphotos.com\/blog\/wp-content\/uploads\/2010\/01\/maastricht-blanche-dael-erdnussroesterei.jpg?fit=498%2C1024&ssl=1&resize=350%2C200","width":350,"height":200},"classes":[]},{"id":4081,"url":"https:\/\/www.gaidaphotos.com\/blog\/2012\/01\/05\/flohmarkt-troedelmarkt-antikmarkt-maastricht-holland-2012\/","url_meta":{"origin":748,"position":2},"title":"Flohmarkt &#8211; Tr\u00f6delmarkt &#8211; Antikmarkt Maastricht (Holland) 2012","author":"Thomas","date":"5. Januar 2012","format":false,"excerpt":"Flohmarkt - Tr\u00f6delmarkt - Antikmarkt Maastricht (Holland) 2012 Die neuen Flohmarkttermine f\u00fcr Maastricht (Holland) 2014 sind da!Wenn Sie automatisch \u00fcber die Daten f\u00fcr Flohm\u00e4rkte in Holland informiert werden m\u00f6chten, abonnieren Sie unsere Beitr\u00e4ge (Symbol rechts oben) oder werden Sie Fan bei Facebook. Auch in 2012 berichten wir von den Floh-\u2026","rel":"","context":"In &quot;Flohmarkt\/Troedelmarkt&quot;","block_context":{"text":"Flohmarkt\/Troedelmarkt","link":"https:\/\/www.gaidaphotos.com\/blog\/category\/flohmarkttroedelmarkt-2\/"},"img":{"alt_text":"","src":"https:\/\/i0.wp.com\/www.gaidaphotos.com\/blog\/wp-content\/uploads\/2012\/01\/maastricht-shopping-einkaufen-mosae-forum.jpg?fit=1024%2C682&ssl=1&resize=350%2C200","width":350,"height":200,"srcset":"https:\/\/i0.wp.com\/www.gaidaphotos.com\/blog\/wp-content\/uploads\/2012\/01\/maastricht-shopping-einkaufen-mosae-forum.jpg?fit=1024%2C682&ssl=1&resize=350%2C200 1x, https:\/\/i0.wp.com\/www.gaidaphotos.com\/blog\/wp-content\/uploads\/2012\/01\/maastricht-shopping-einkaufen-mosae-forum.jpg?fit=1024%2C682&ssl=1&resize=525%2C300 1.5x, https:\/\/i0.wp.com\/www.gaidaphotos.com\/blog\/wp-content\/uploads\/2012\/01\/maastricht-shopping-einkaufen-mosae-forum.jpg?fit=1024%2C682&ssl=1&resize=700%2C400 2x"},"classes":[]},{"id":3480,"url":"https:\/\/www.gaidaphotos.com\/blog\/2011\/01\/05\/flohmarkt-troedelmarkt-antikmarkt-maastricht-holland-2011\/","url_meta":{"origin":748,"position":3},"title":"Flohmarkt &#8211; Tr\u00f6delmarkt &#8211; Antikmarkt Maastricht (Holland) 2011","author":"Thomas","date":"5. Januar 2011","format":false,"excerpt":"Flohmarkt - Tr\u00f6delmarkt - Antikmarkt Maastricht (Holland) 2011 Erg\u00e4nzung M\u00e4rz 2014: Die neuen Flohmarkttermine f\u00fcr Maastricht (Holland) 2014 sind da! Wenn Sie automatisch \u00fcber die Daten f\u00fcr Flohm\u00e4rkte in Holland informiert werden m\u00f6chten, abonnieren Sie unsere Beitr\u00e4ge (Symbol rechts oben) oder werden Sie Fan bei Facebook oder Google+. Maastricht ist\u2026","rel":"","context":"In &quot;Maastricht: Einkaufen, Restaurant &amp; Freizeit&quot;","block_context":{"text":"Maastricht: Einkaufen, Restaurant &amp; Freizeit","link":"https:\/\/www.gaidaphotos.com\/blog\/category\/reise\/holland\/maastricht-einkaufen-restaurants\/"},"img":{"alt_text":"","src":"https:\/\/i0.wp.com\/www.gaidaphotos.com\/blog\/wp-content\/uploads\/ngg_featured\/maastricht-verkaufsoffener-sonntag-feiertag-2012.jpg?fit=667%2C1000&ssl=1&resize=350%2C200","width":350,"height":200,"srcset":"https:\/\/i0.wp.com\/www.gaidaphotos.com\/blog\/wp-content\/uploads\/ngg_featured\/maastricht-verkaufsoffener-sonntag-feiertag-2012.jpg?fit=667%2C1000&ssl=1&resize=350%2C200 1x, https:\/\/i0.wp.com\/www.gaidaphotos.com\/blog\/wp-content\/uploads\/ngg_featured\/maastricht-verkaufsoffener-sonntag-feiertag-2012.jpg?fit=667%2C1000&ssl=1&resize=525%2C300 1.5x"},"classes":[]},{"id":735,"url":"https:\/\/www.gaidaphotos.com\/blog\/2009\/06\/17\/holland-maastricht-einkaufen-trodelmarkt-termine-2009\/","url_meta":{"origin":748,"position":4},"title":"Holland Maastricht: Einkaufen &#038; Tr\u00f6delmarkt Termine 2009","author":"Thomas","date":"17. Juni 2009","format":false,"excerpt":"Hier finden Sie die neuen Termine Flohmarkt - Tr\u00f6delmarkt - Antikmarkt Maastricht (Holland) 2012 Wir haben schon mit sch\u00f6nen Fotos vom letzten (?) Tr\u00f6delmarkt in Maastricht (Holland) berichtet. - Erg\u00e4nzung M\u00e4rz 2014: Die neuen Flohmarkttermine f\u00fcr Maastricht (Holland) 2014 sind da! Wenn Sie automatisch \u00fcber die Daten f\u00fcr Flohm\u00e4rkte in\u2026","rel":"","context":"In &quot;Holland&quot;","block_context":{"text":"Holland","link":"https:\/\/www.gaidaphotos.com\/blog\/category\/reise\/holland\/"},"img":{"alt_text":"","src":"","width":0,"height":0},"classes":[]},{"id":6216,"url":"https:\/\/www.gaidaphotos.com\/blog\/2014\/03\/24\/flohmarkt-troedelmarkt-maastricht-holland-2014\/","url_meta":{"origin":748,"position":5},"title":"Flohmarkt \u2013 Tr\u00f6delmarkt Maastricht (Holland) 2014","author":"Thomas","date":"24. M\u00e4rz 2014","format":false,"excerpt":"Flohmarkt \u2013 Tr\u00f6delmarkt \u2013 Antikmarkt Maastricht (Holland) 2013 Gerade noch rechtzeitig sind bei uns die Termine und Daten f\u00fcr die Floh\u2013 und Tr\u00f6delm\u00e4rkte Maastricht und der Provinz S\u00fcd Limburg (Holland)f\u00fcr 2014 eingetroffen. Nachdem in NRW die verkaufsoffenen Sonntage immer seltener werden und sich die St\u00e4dte, Gemeinden und Stadtteile der Gro\u00dfst\u00e4dte\u2026","rel":"","context":"In &quot;Flohmarkt\/Troedelmarkt&quot;","block_context":{"text":"Flohmarkt\/Troedelmarkt","link":"https:\/\/www.gaidaphotos.com\/blog\/category\/flohmarkttroedelmarkt-2\/"},"img":{"alt_text":"","src":"https:\/\/i0.wp.com\/www.gaidaphotos.com\/blog\/wp-content\/uploads\/ngg_featured\/flohmarkt-evangelische-kirche.jpg?fit=1000%2C667&ssl=1&resize=350%2C200","width":350,"height":200,"srcset":"https:\/\/i0.wp.com\/www.gaidaphotos.com\/blog\/wp-content\/uploads\/ngg_featured\/flohmarkt-evangelische-kirche.jpg?fit=1000%2C667&ssl=1&resize=350%2C200 1x, https:\/\/i0.wp.com\/www.gaidaphotos.com\/blog\/wp-content\/uploads\/ngg_featured\/flohmarkt-evangelische-kirche.jpg?fit=1000%2C667&ssl=1&resize=525%2C300 1.5x, https:\/\/i0.wp.com\/www.gaidaphotos.com\/blog\/wp-content\/uploads\/ngg_featured\/flohmarkt-evangelische-kirche.jpg?fit=1000%2C667&ssl=1&resize=700%2C400 2x"},"classes":[]}],"_links":{"self":[{"href":"https:\/\/www.gaidaphotos.com\/blog\/wp-json\/wp\/v2\/posts\/748","targetHints":{"allow":["GET"]}}],"collection":[{"href":"https:\/\/www.gaidaphotos.com\/blog\/wp-json\/wp\/v2\/posts"}],"about":[{"href":"https:\/\/www.gaidaphotos.com\/blog\/wp-json\/wp\/v2\/types\/post"}],"author":[{"embeddable":true,"href":"https:\/\/www.gaidaphotos.com\/blog\/wp-json\/wp\/v2\/users\/6"}],"replies":[{"embeddable":true,"href":"https:\/\/www.gaidaphotos.com\/blog\/wp-json\/wp\/v2\/comments?post=748"}],"version-history":[{"count":0,"href":"https:\/\/www.gaidaphotos.com\/blog\/wp-json\/wp\/v2\/posts\/748\/revisions"}],"wp:attachment":[{"href":"https:\/\/www.gaidaphotos.com\/blog\/wp-json\/wp\/v2\/media?parent=748"}],"wp:term":[{"taxonomy":"category","embeddable":true,"href":"https:\/\/www.gaidaphotos.com\/blog\/wp-json\/wp\/v2\/categories?post=748"},{"taxonomy":"post_tag","embeddable":true,"href":"https:\/\/www.gaidaphotos.com\/blog\/wp-json\/wp\/v2\/tags?post=748"}],"curies":[{"name":"wp","href":"https:\/\/api.w.org\/{rel}","templated":true}]}}