{"id":7841,"date":"2014-09-26T17:06:19","date_gmt":"2014-09-26T15:06:19","guid":{"rendered":"http:\/\/www.gaidaphotos.com\/blog\/?p=7841"},"modified":"2019-08-27T13:10:41","modified_gmt":"2019-08-27T11:10:41","slug":"rodenkirchen-rheinufer-vor-110-jahren","status":"publish","type":"post","link":"https:\/\/www.gaidaphotos.com\/blog\/2014\/09\/26\/rodenkirchen-rheinufer-vor-110-jahren\/","title":{"rendered":"Rodenkirchen Rheinufer vor 110 Jahren"},"content":{"rendered":"<h2>&nbsp;<\/h2>\n<p><a title=\"Alte Postkarten von Rodenkirchen als Kalender 2015 - Ansichtskarte von 1914\" href=\"https:\/\/i0.wp.com\/www.gaidaphotos.com\/blog\/wp-content\/gallery\/gruss-aus-rodenkirchen-kalender-2014\/koeln-rodenkirchen-kalender-g-1914.jpg?ssl=1\"><img data-recalc-dims=\"1\" decoding=\"async\" src=\"https:\/\/i0.wp.com\/www.gaidaphotos.com\/blog\/wp-content\/gallery\/gruss-aus-rodenkirchen-kalender-2014\/thumbs\/thumbs_koeln-rodenkirchen-kalender-g-1914.jpg?w=910&#038;ssl=1\" alt=\"Rodenkirchen Kalender\" align=\"middle\"><\/a><br \/>\nIn unserem <a title=\"Gru\u00df aus Rodenkirchen Kalender 2015\" href=\"https:\/\/www.gaidaphotos.com\/blog\/2014\/09\/05\/kalender-rodenkirchen\/\" target=\"_blank\" rel=\"noopener noreferrer\"><strong>Rodenkirchen Kalender<\/strong><\/a> zeigen wir historische<strong> Ansichtskarten von K\u00f6ln-Rodenkirche<\/strong>n.<\/p>\n<p>In den kommenden Wochen werden wir die einzelnen Kalenderbl\u00e4tter n\u00e4her vorstellen und berichten \u00fcber die Geschichte oder den Hintergrund des jeweiligen Motiv.<\/p>\n<p>Das Kalenderblatt f\u00fcr den <strong>Januar 2015<\/strong> zeigt eine Lithografie (Steindruck) des Rheinufers von Rodenkirchen und den erst k\u00fcrzlich gebauten Bahnhof. Die Karte wurde im Jahr 1914 verschickt.<br \/>\nKlicken Sie auf das Vorschaubild, um die Postkarte in Originalgr\u00f6\u00dfe zu sehen und bei Facebook, Google+, twitter oder Pinterest zu teilen.<\/p>\n<h3>Kalenderblatt Januar:<br \/>\nRheinuferpanorama und Bahnhof von 1914<\/h3>\n<p>Das <strong>Panorama von Rodenkirchen<\/strong> wird sehr idealisiert und ohne R\u00fccksicht auf die Tatsachen dargestellt. Das Bild ist eher als &#8222;Werbepostkarte&#8220; denn als realistische Darstellung des Rodenkirchener Rheinufers zu sehen. Hier stimmen weder Proportionen noch die tats\u00e4chliche Lage eine Rolle. Der <strong>Dom<\/strong>, der am rechten Bildrand zu sehen ist, liegt tats\u00e4chlich fast hinter dem am anderen Rheinufer stehenden Betrachter. Da der Rhein hier einen gro\u00dfen Bogen nach rechts macht, r\u00fcckt der Dom, obwohl er am anderen Ufer liegt, hinter den K\u00fcnstler. Verflixte Natur!<br \/>\nEbenso un\u00fcbersehbar sind die viele rauchenden <strong>Kamine \u00fcber Rodenkirchen<\/strong>. Hier rauchen die Schlote der Industrie, hier gibt es Arbeitspl\u00e4tze und Wohlstand, wurde suggeriert.<br \/>\nUnd auf dem Rhein waren nicht nur Fischerboote, sondern moderne Dampfschiffe, ja sogar Ausflugsboote unterwegs. Und auch die Schiffe mussten kr\u00e4ftig dampfen.<br \/>\nZuletzt \u00fcberlistet der K\u00fcnstler sogar die Natur, denn der Rauch der Fabriken weht in eine andere Richtung als der Rauch der Schiffskamine. Privath\u00e4user rauchten \u00fcbrigens nicht.<\/p>\n<p>Wichtiges <strong>Aush\u00e4ngeschild <\/strong>und Zeichen f\u00fcr Wohlstand und Modernit\u00e4t des fr\u00fcheren Fischerdorfes ist der <strong>Bahnhof<\/strong>, bei dem wiederum die Schornsteine kr\u00e4ftig rauchen. Mit dem Bau der Rheinuferbahn durch die K\u00f6ln-Bonner-Eisenbahn wurden K\u00f6ln und Bonn auf dem k\u00fcrzesten Weg verbunden und Rodenkirchen bekam einen ansehnlichen Bahnhof. Der Betrieb auf der Strecke wurde 1905 aufgenommen.<br \/>\nHeute sind von Bahnhof und Bahn nur noch die Gleise geblieben. Der Bahnhof musste vor ein paar Jahren einem Neubau weichen und auf der Strecke f\u00e4hrt jetzt die Stadtbahn Linie 16 zwischen K\u00f6ln und Bonn.<\/p>\n<h3>Historische Postkarten<\/h3>\n<p>Viele alte Ansichtskarten ab Ende des 19. Jahrhunderts bis 1945 und alte Fotos finden Sie nach Themen und Motiven organisiert und nach Stichwort auffindbar im <a title=\"Postkarten aus alter Zeit\" href=\"http:\/\/www.postkarten-paradies.net\" target=\"_blank\" rel=\"noopener noreferrer\">Postkarten-Paradies<\/a>. Dort zeigen wir Ihnen nicht nur historische Aufnahmen aus Rodenkirchen, sondern viele Karten und Motive aus dem goldenen Zeitalter der Ansichtskarte.<\/p>\n<p>Die gezeigten Postkarten stammen aus der Sammlung Karin Ahrens, K\u00f6ln.<\/p>\n","protected":false},"excerpt":{"rendered":"<p>&nbsp; In unserem Rodenkirchen Kalender zeigen wir historische Ansichtskarten von K\u00f6ln-Rodenkirchen. In den kommenden Wochen werden wir die einzelnen Kalenderbl\u00e4tter<\/p>\n","protected":false},"author":6,"featured_media":7842,"comment_status":"open","ping_status":"open","sticky":false,"template":"","format":"standard","meta":{"_crdt_document":"","ngg_post_thumbnail":0,"jetpack_post_was_ever_published":false,"_jetpack_newsletter_access":"","_jetpack_dont_email_post_to_subs":false,"_jetpack_newsletter_tier_id":0,"_jetpack_memberships_contains_paywalled_content":false,"_jetpack_memberships_contains_paid_content":false,"footnotes":"","jetpack_publicize_message":"","jetpack_publicize_feature_enabled":true,"jetpack_social_post_already_shared":true,"jetpack_social_options":{"image_generator_settings":{"template":"highway","default_image_id":0,"font":"","enabled":false},"version":2}},"categories":[185,4,474,480],"tags":[538],"class_list":["post-7841","post","type-post","status-publish","format-standard","has-post-thumbnail","hentry","category-alte-bilder-aus-koln-rodenkirchen","category-kalender-archiv","category-koeln-rodenkirchen-geschichte","category-rodenkirchen-kalender","tag-koeln-rodenkirchen"],"yoast_head":"<!-- This site is optimized with the Yoast SEO plugin v27.5 - https:\/\/yoast.com\/product\/yoast-seo-wordpress\/ -->\n<title>Rodenkirchen Rheinufer vor 110 Jahren - K\u00f6ln Rodenkirchen und die Welt<\/title>\n<meta name=\"description\" content=\"Gruss aus Rodenkirchen Kalender: Kalenderblatt f\u00fcr Januar, Hintergrund, Geschichte Bahnhof und Rheinuferbahn\" \/>\n<meta name=\"robots\" content=\"index, follow, max-snippet:-1, max-image-preview:large, max-video-preview:-1\" \/>\n<link rel=\"canonical\" href=\"https:\/\/www.gaidaphotos.com\/blog\/2014\/09\/26\/rodenkirchen-rheinufer-vor-110-jahren\/\" \/>\n<meta property=\"og:locale\" content=\"de_DE\" \/>\n<meta property=\"og:type\" content=\"article\" \/>\n<meta property=\"og:title\" content=\"Rodenkirchen Rheinufer vor 110 Jahren - K\u00f6ln Rodenkirchen und die Welt\" \/>\n<meta property=\"og:description\" content=\"Gruss aus Rodenkirchen Kalender: Kalenderblatt f\u00fcr Januar, Hintergrund, Geschichte Bahnhof und Rheinuferbahn\" \/>\n<meta property=\"og:url\" content=\"https:\/\/www.gaidaphotos.com\/blog\/2014\/09\/26\/rodenkirchen-rheinufer-vor-110-jahren\/\" \/>\n<meta property=\"og:site_name\" content=\"K\u00f6ln Rodenkirchen und die Welt\" \/>\n<meta property=\"article:publisher\" content=\"https:\/\/www.facebook.com\/Koeln.Rodenkirchen\" \/>\n<meta property=\"article:author\" content=\"https:\/\/www.facebook.com\/gaidaphotos\" \/>\n<meta property=\"article:published_time\" content=\"2014-09-26T15:06:19+00:00\" \/>\n<meta property=\"article:modified_time\" content=\"2019-08-27T11:10:41+00:00\" \/>\n<meta property=\"og:image\" content=\"https:\/\/i2.wp.com\/www.gaidaphotos.com\/blog\/wp-content\/uploads\/ngg_featured\/koeln-rodenkirchen-kalender-g-1914.jpg?fit=1024%2C655&ssl=1\" \/>\n\t<meta property=\"og:image:width\" content=\"1024\" \/>\n\t<meta property=\"og:image:height\" content=\"655\" \/>\n\t<meta property=\"og:image:type\" content=\"image\/jpeg\" \/>\n<meta name=\"author\" content=\"Thomas\" \/>\n<meta name=\"twitter:card\" content=\"summary_large_image\" \/>\n<meta name=\"twitter:creator\" content=\"@gaidaphotos\" \/>\n<meta name=\"twitter:site\" content=\"@gaidaphotos\" \/>\n<meta name=\"twitter:label1\" content=\"Verfasst von\" \/>\n\t<meta name=\"twitter:data1\" content=\"Thomas\" \/>\n\t<meta name=\"twitter:label2\" content=\"Gesch\u00e4tzte Lesezeit\" \/>\n\t<meta name=\"twitter:data2\" content=\"2\u00a0Minuten\" \/>\n<script type=\"application\/ld+json\" class=\"yoast-schema-graph\">{\"@context\":\"https:\\\/\\\/schema.org\",\"@graph\":[{\"@type\":\"Article\",\"@id\":\"https:\\\/\\\/www.gaidaphotos.com\\\/blog\\\/2014\\\/09\\\/26\\\/rodenkirchen-rheinufer-vor-110-jahren\\\/#article\",\"isPartOf\":{\"@id\":\"https:\\\/\\\/www.gaidaphotos.com\\\/blog\\\/2014\\\/09\\\/26\\\/rodenkirchen-rheinufer-vor-110-jahren\\\/\"},\"author\":{\"name\":\"Thomas\",\"@id\":\"https:\\\/\\\/www.gaidaphotos.com\\\/blog\\\/#\\\/schema\\\/person\\\/6c444a5b13ffc503c5c32f5a9ec68b21\"},\"headline\":\"Rodenkirchen Rheinufer vor 110 Jahren\",\"datePublished\":\"2014-09-26T15:06:19+00:00\",\"dateModified\":\"2019-08-27T11:10:41+00:00\",\"mainEntityOfPage\":{\"@id\":\"https:\\\/\\\/www.gaidaphotos.com\\\/blog\\\/2014\\\/09\\\/26\\\/rodenkirchen-rheinufer-vor-110-jahren\\\/\"},\"wordCount\":412,\"commentCount\":1,\"publisher\":{\"@id\":\"https:\\\/\\\/www.gaidaphotos.com\\\/blog\\\/#organization\"},\"image\":{\"@id\":\"https:\\\/\\\/www.gaidaphotos.com\\\/blog\\\/2014\\\/09\\\/26\\\/rodenkirchen-rheinufer-vor-110-jahren\\\/#primaryimage\"},\"thumbnailUrl\":\"https:\\\/\\\/i0.wp.com\\\/www.gaidaphotos.com\\\/blog\\\/wp-content\\\/uploads\\\/ngg_featured\\\/koeln-rodenkirchen-kalender-g-1914.jpg?fit=1024%2C655&ssl=1\",\"keywords\":[\"K\u00f6ln Rodenkirchen\"],\"articleSection\":[\"Alte Bilder aus K\u00f6ln Rodenkirchen\",\"Kalender\",\"K\u00f6ln Rodenkirchen geschichte\",\"Rodenkirchen Kalender\"],\"inLanguage\":\"de\",\"potentialAction\":[{\"@type\":\"CommentAction\",\"name\":\"Comment\",\"target\":[\"https:\\\/\\\/www.gaidaphotos.com\\\/blog\\\/2014\\\/09\\\/26\\\/rodenkirchen-rheinufer-vor-110-jahren\\\/#respond\"]}]},{\"@type\":\"WebPage\",\"@id\":\"https:\\\/\\\/www.gaidaphotos.com\\\/blog\\\/2014\\\/09\\\/26\\\/rodenkirchen-rheinufer-vor-110-jahren\\\/\",\"url\":\"https:\\\/\\\/www.gaidaphotos.com\\\/blog\\\/2014\\\/09\\\/26\\\/rodenkirchen-rheinufer-vor-110-jahren\\\/\",\"name\":\"Rodenkirchen Rheinufer vor 110 Jahren - K\u00f6ln Rodenkirchen und die Welt\",\"isPartOf\":{\"@id\":\"https:\\\/\\\/www.gaidaphotos.com\\\/blog\\\/#website\"},\"primaryImageOfPage\":{\"@id\":\"https:\\\/\\\/www.gaidaphotos.com\\\/blog\\\/2014\\\/09\\\/26\\\/rodenkirchen-rheinufer-vor-110-jahren\\\/#primaryimage\"},\"image\":{\"@id\":\"https:\\\/\\\/www.gaidaphotos.com\\\/blog\\\/2014\\\/09\\\/26\\\/rodenkirchen-rheinufer-vor-110-jahren\\\/#primaryimage\"},\"thumbnailUrl\":\"https:\\\/\\\/i0.wp.com\\\/www.gaidaphotos.com\\\/blog\\\/wp-content\\\/uploads\\\/ngg_featured\\\/koeln-rodenkirchen-kalender-g-1914.jpg?fit=1024%2C655&ssl=1\",\"datePublished\":\"2014-09-26T15:06:19+00:00\",\"dateModified\":\"2019-08-27T11:10:41+00:00\",\"description\":\"Gruss aus Rodenkirchen Kalender: Kalenderblatt f\u00fcr Januar, Hintergrund, Geschichte Bahnhof und Rheinuferbahn\",\"breadcrumb\":{\"@id\":\"https:\\\/\\\/www.gaidaphotos.com\\\/blog\\\/2014\\\/09\\\/26\\\/rodenkirchen-rheinufer-vor-110-jahren\\\/#breadcrumb\"},\"inLanguage\":\"de\",\"potentialAction\":[{\"@type\":\"ReadAction\",\"target\":[\"https:\\\/\\\/www.gaidaphotos.com\\\/blog\\\/2014\\\/09\\\/26\\\/rodenkirchen-rheinufer-vor-110-jahren\\\/\"]}]},{\"@type\":\"ImageObject\",\"inLanguage\":\"de\",\"@id\":\"https:\\\/\\\/www.gaidaphotos.com\\\/blog\\\/2014\\\/09\\\/26\\\/rodenkirchen-rheinufer-vor-110-jahren\\\/#primaryimage\",\"url\":\"https:\\\/\\\/i0.wp.com\\\/www.gaidaphotos.com\\\/blog\\\/wp-content\\\/uploads\\\/ngg_featured\\\/koeln-rodenkirchen-kalender-g-1914.jpg?fit=1024%2C655&ssl=1\",\"contentUrl\":\"https:\\\/\\\/i0.wp.com\\\/www.gaidaphotos.com\\\/blog\\\/wp-content\\\/uploads\\\/ngg_featured\\\/koeln-rodenkirchen-kalender-g-1914.jpg?fit=1024%2C655&ssl=1\",\"width\":1024,\"height\":655},{\"@type\":\"BreadcrumbList\",\"@id\":\"https:\\\/\\\/www.gaidaphotos.com\\\/blog\\\/2014\\\/09\\\/26\\\/rodenkirchen-rheinufer-vor-110-jahren\\\/#breadcrumb\",\"itemListElement\":[{\"@type\":\"ListItem\",\"position\":1,\"name\":\"Startseite\",\"item\":\"https:\\\/\\\/www.gaidaphotos.com\\\/blog\\\/\"},{\"@type\":\"ListItem\",\"position\":2,\"name\":\"Rodenkirchen Rheinufer vor 110 Jahren\"}]},{\"@type\":\"WebSite\",\"@id\":\"https:\\\/\\\/www.gaidaphotos.com\\\/blog\\\/#website\",\"url\":\"https:\\\/\\\/www.gaidaphotos.com\\\/blog\\\/\",\"name\":\"K\u00f6ln Rodenkirchen und die Welt\",\"description\":\"Einkaufen, Restaurants, Freizeit, Nachrichten und was uns sonst bewegt und begegnet\",\"publisher\":{\"@id\":\"https:\\\/\\\/www.gaidaphotos.com\\\/blog\\\/#organization\"},\"potentialAction\":[{\"@type\":\"SearchAction\",\"target\":{\"@type\":\"EntryPoint\",\"urlTemplate\":\"https:\\\/\\\/www.gaidaphotos.com\\\/blog\\\/?s={search_term_string}\"},\"query-input\":{\"@type\":\"PropertyValueSpecification\",\"valueRequired\":true,\"valueName\":\"search_term_string\"}}],\"inLanguage\":\"de\"},{\"@type\":\"Organization\",\"@id\":\"https:\\\/\\\/www.gaidaphotos.com\\\/blog\\\/#organization\",\"name\":\"gaidaphotos\",\"url\":\"https:\\\/\\\/www.gaidaphotos.com\\\/blog\\\/\",\"logo\":{\"@type\":\"ImageObject\",\"inLanguage\":\"de\",\"@id\":\"https:\\\/\\\/www.gaidaphotos.com\\\/blog\\\/#\\\/schema\\\/logo\\\/image\\\/\",\"url\":\"https:\\\/\\\/i0.wp.com\\\/www.gaidaphotos.com\\\/blog\\\/wp-content\\\/uploads\\\/2020\\\/07\\\/GAIDAPHOTOS-COM.jpg?fit=160%2C96&ssl=1\",\"contentUrl\":\"https:\\\/\\\/i0.wp.com\\\/www.gaidaphotos.com\\\/blog\\\/wp-content\\\/uploads\\\/2020\\\/07\\\/GAIDAPHOTOS-COM.jpg?fit=160%2C96&ssl=1\",\"width\":160,\"height\":96,\"caption\":\"gaidaphotos\"},\"image\":{\"@id\":\"https:\\\/\\\/www.gaidaphotos.com\\\/blog\\\/#\\\/schema\\\/logo\\\/image\\\/\"},\"sameAs\":[\"https:\\\/\\\/www.facebook.com\\\/Koeln.Rodenkirchen\",\"https:\\\/\\\/x.com\\\/gaidaphotos\",\"https:\\\/\\\/instagram.com\\\/gaidaphotos\\\/\",\"https:\\\/\\\/de.linkedin.com\\\/in\\\/gaidaphotos\",\"https:\\\/\\\/myspace.com\\\/gaidaphotos\",\"https:\\\/\\\/www.pinterest.com\\\/gaidaphotos\\\/\",\"https:\\\/\\\/www.youtube.com\\\/user\\\/gaidaphotos\"]},{\"@type\":\"Person\",\"@id\":\"https:\\\/\\\/www.gaidaphotos.com\\\/blog\\\/#\\\/schema\\\/person\\\/6c444a5b13ffc503c5c32f5a9ec68b21\",\"name\":\"Thomas\",\"sameAs\":[\"https:\\\/\\\/www.gaidaphotos.com\",\"https:\\\/\\\/www.facebook.com\\\/gaidaphotos\",\"https:\\\/\\\/instagram.com\\\/gaidaphotos\\\/\",\"https:\\\/\\\/www.linkedin.com\\\/in\\\/gaidaphotos\",\"http:\\\/\\\/www.pinterest.com\\\/gaidaphotos\\\/\",\"https:\\\/\\\/x.com\\\/gaidaphotos\",\"https:\\\/\\\/myspace.com\\\/gaidaphotos\",\"https:\\\/\\\/www.youtube.com\\\/user\\\/gaidaphotos\",\"https:\\\/\\\/gaidaphotos.tumblr.com\\\/\"]}]}<\/script>\n<!-- \/ Yoast SEO plugin. -->","yoast_head_json":{"title":"Rodenkirchen Rheinufer vor 110 Jahren - K\u00f6ln Rodenkirchen und die Welt","description":"Gruss aus Rodenkirchen Kalender: Kalenderblatt f\u00fcr Januar, Hintergrund, Geschichte Bahnhof und Rheinuferbahn","robots":{"index":"index","follow":"follow","max-snippet":"max-snippet:-1","max-image-preview":"max-image-preview:large","max-video-preview":"max-video-preview:-1"},"canonical":"https:\/\/www.gaidaphotos.com\/blog\/2014\/09\/26\/rodenkirchen-rheinufer-vor-110-jahren\/","og_locale":"de_DE","og_type":"article","og_title":"Rodenkirchen Rheinufer vor 110 Jahren - K\u00f6ln Rodenkirchen und die Welt","og_description":"Gruss aus Rodenkirchen Kalender: Kalenderblatt f\u00fcr Januar, Hintergrund, Geschichte Bahnhof und Rheinuferbahn","og_url":"https:\/\/www.gaidaphotos.com\/blog\/2014\/09\/26\/rodenkirchen-rheinufer-vor-110-jahren\/","og_site_name":"K\u00f6ln Rodenkirchen und die Welt","article_publisher":"https:\/\/www.facebook.com\/Koeln.Rodenkirchen","article_author":"https:\/\/www.facebook.com\/gaidaphotos","article_published_time":"2014-09-26T15:06:19+00:00","article_modified_time":"2019-08-27T11:10:41+00:00","og_image":[{"width":1024,"height":655,"url":"https:\/\/i2.wp.com\/www.gaidaphotos.com\/blog\/wp-content\/uploads\/ngg_featured\/koeln-rodenkirchen-kalender-g-1914.jpg?fit=1024%2C655&ssl=1","type":"image\/jpeg"}],"author":"Thomas","twitter_card":"summary_large_image","twitter_creator":"@gaidaphotos","twitter_site":"@gaidaphotos","twitter_misc":{"Verfasst von":"Thomas","Gesch\u00e4tzte Lesezeit":"2\u00a0Minuten"},"schema":{"@context":"https:\/\/schema.org","@graph":[{"@type":"Article","@id":"https:\/\/www.gaidaphotos.com\/blog\/2014\/09\/26\/rodenkirchen-rheinufer-vor-110-jahren\/#article","isPartOf":{"@id":"https:\/\/www.gaidaphotos.com\/blog\/2014\/09\/26\/rodenkirchen-rheinufer-vor-110-jahren\/"},"author":{"name":"Thomas","@id":"https:\/\/www.gaidaphotos.com\/blog\/#\/schema\/person\/6c444a5b13ffc503c5c32f5a9ec68b21"},"headline":"Rodenkirchen Rheinufer vor 110 Jahren","datePublished":"2014-09-26T15:06:19+00:00","dateModified":"2019-08-27T11:10:41+00:00","mainEntityOfPage":{"@id":"https:\/\/www.gaidaphotos.com\/blog\/2014\/09\/26\/rodenkirchen-rheinufer-vor-110-jahren\/"},"wordCount":412,"commentCount":1,"publisher":{"@id":"https:\/\/www.gaidaphotos.com\/blog\/#organization"},"image":{"@id":"https:\/\/www.gaidaphotos.com\/blog\/2014\/09\/26\/rodenkirchen-rheinufer-vor-110-jahren\/#primaryimage"},"thumbnailUrl":"https:\/\/i0.wp.com\/www.gaidaphotos.com\/blog\/wp-content\/uploads\/ngg_featured\/koeln-rodenkirchen-kalender-g-1914.jpg?fit=1024%2C655&ssl=1","keywords":["K\u00f6ln Rodenkirchen"],"articleSection":["Alte Bilder aus K\u00f6ln Rodenkirchen","Kalender","K\u00f6ln Rodenkirchen geschichte","Rodenkirchen Kalender"],"inLanguage":"de","potentialAction":[{"@type":"CommentAction","name":"Comment","target":["https:\/\/www.gaidaphotos.com\/blog\/2014\/09\/26\/rodenkirchen-rheinufer-vor-110-jahren\/#respond"]}]},{"@type":"WebPage","@id":"https:\/\/www.gaidaphotos.com\/blog\/2014\/09\/26\/rodenkirchen-rheinufer-vor-110-jahren\/","url":"https:\/\/www.gaidaphotos.com\/blog\/2014\/09\/26\/rodenkirchen-rheinufer-vor-110-jahren\/","name":"Rodenkirchen Rheinufer vor 110 Jahren - K\u00f6ln Rodenkirchen und die Welt","isPartOf":{"@id":"https:\/\/www.gaidaphotos.com\/blog\/#website"},"primaryImageOfPage":{"@id":"https:\/\/www.gaidaphotos.com\/blog\/2014\/09\/26\/rodenkirchen-rheinufer-vor-110-jahren\/#primaryimage"},"image":{"@id":"https:\/\/www.gaidaphotos.com\/blog\/2014\/09\/26\/rodenkirchen-rheinufer-vor-110-jahren\/#primaryimage"},"thumbnailUrl":"https:\/\/i0.wp.com\/www.gaidaphotos.com\/blog\/wp-content\/uploads\/ngg_featured\/koeln-rodenkirchen-kalender-g-1914.jpg?fit=1024%2C655&ssl=1","datePublished":"2014-09-26T15:06:19+00:00","dateModified":"2019-08-27T11:10:41+00:00","description":"Gruss aus Rodenkirchen Kalender: Kalenderblatt f\u00fcr Januar, Hintergrund, Geschichte Bahnhof und Rheinuferbahn","breadcrumb":{"@id":"https:\/\/www.gaidaphotos.com\/blog\/2014\/09\/26\/rodenkirchen-rheinufer-vor-110-jahren\/#breadcrumb"},"inLanguage":"de","potentialAction":[{"@type":"ReadAction","target":["https:\/\/www.gaidaphotos.com\/blog\/2014\/09\/26\/rodenkirchen-rheinufer-vor-110-jahren\/"]}]},{"@type":"ImageObject","inLanguage":"de","@id":"https:\/\/www.gaidaphotos.com\/blog\/2014\/09\/26\/rodenkirchen-rheinufer-vor-110-jahren\/#primaryimage","url":"https:\/\/i0.wp.com\/www.gaidaphotos.com\/blog\/wp-content\/uploads\/ngg_featured\/koeln-rodenkirchen-kalender-g-1914.jpg?fit=1024%2C655&ssl=1","contentUrl":"https:\/\/i0.wp.com\/www.gaidaphotos.com\/blog\/wp-content\/uploads\/ngg_featured\/koeln-rodenkirchen-kalender-g-1914.jpg?fit=1024%2C655&ssl=1","width":1024,"height":655},{"@type":"BreadcrumbList","@id":"https:\/\/www.gaidaphotos.com\/blog\/2014\/09\/26\/rodenkirchen-rheinufer-vor-110-jahren\/#breadcrumb","itemListElement":[{"@type":"ListItem","position":1,"name":"Startseite","item":"https:\/\/www.gaidaphotos.com\/blog\/"},{"@type":"ListItem","position":2,"name":"Rodenkirchen Rheinufer vor 110 Jahren"}]},{"@type":"WebSite","@id":"https:\/\/www.gaidaphotos.com\/blog\/#website","url":"https:\/\/www.gaidaphotos.com\/blog\/","name":"K\u00f6ln Rodenkirchen und die Welt","description":"Einkaufen, Restaurants, Freizeit, Nachrichten und was uns sonst bewegt und begegnet","publisher":{"@id":"https:\/\/www.gaidaphotos.com\/blog\/#organization"},"potentialAction":[{"@type":"SearchAction","target":{"@type":"EntryPoint","urlTemplate":"https:\/\/www.gaidaphotos.com\/blog\/?s={search_term_string}"},"query-input":{"@type":"PropertyValueSpecification","valueRequired":true,"valueName":"search_term_string"}}],"inLanguage":"de"},{"@type":"Organization","@id":"https:\/\/www.gaidaphotos.com\/blog\/#organization","name":"gaidaphotos","url":"https:\/\/www.gaidaphotos.com\/blog\/","logo":{"@type":"ImageObject","inLanguage":"de","@id":"https:\/\/www.gaidaphotos.com\/blog\/#\/schema\/logo\/image\/","url":"https:\/\/i0.wp.com\/www.gaidaphotos.com\/blog\/wp-content\/uploads\/2020\/07\/GAIDAPHOTOS-COM.jpg?fit=160%2C96&ssl=1","contentUrl":"https:\/\/i0.wp.com\/www.gaidaphotos.com\/blog\/wp-content\/uploads\/2020\/07\/GAIDAPHOTOS-COM.jpg?fit=160%2C96&ssl=1","width":160,"height":96,"caption":"gaidaphotos"},"image":{"@id":"https:\/\/www.gaidaphotos.com\/blog\/#\/schema\/logo\/image\/"},"sameAs":["https:\/\/www.facebook.com\/Koeln.Rodenkirchen","https:\/\/x.com\/gaidaphotos","https:\/\/instagram.com\/gaidaphotos\/","https:\/\/de.linkedin.com\/in\/gaidaphotos","https:\/\/myspace.com\/gaidaphotos","https:\/\/www.pinterest.com\/gaidaphotos\/","https:\/\/www.youtube.com\/user\/gaidaphotos"]},{"@type":"Person","@id":"https:\/\/www.gaidaphotos.com\/blog\/#\/schema\/person\/6c444a5b13ffc503c5c32f5a9ec68b21","name":"Thomas","sameAs":["https:\/\/www.gaidaphotos.com","https:\/\/www.facebook.com\/gaidaphotos","https:\/\/instagram.com\/gaidaphotos\/","https:\/\/www.linkedin.com\/in\/gaidaphotos","http:\/\/www.pinterest.com\/gaidaphotos\/","https:\/\/x.com\/gaidaphotos","https:\/\/myspace.com\/gaidaphotos","https:\/\/www.youtube.com\/user\/gaidaphotos","https:\/\/gaidaphotos.tumblr.com\/"]}]}},"jetpack_publicize_connections":[],"jetpack_featured_media_url":"https:\/\/i0.wp.com\/www.gaidaphotos.com\/blog\/wp-content\/uploads\/ngg_featured\/koeln-rodenkirchen-kalender-g-1914.jpg?fit=1024%2C655&ssl=1","jetpack_sharing_enabled":true,"jetpack_likes_enabled":true,"jetpack-related-posts":[{"id":7946,"url":"https:\/\/www.gaidaphotos.com\/blog\/2014\/10\/17\/wilhelmstrasse-und-rheinufer-in-rodenkirchen\/","url_meta":{"origin":7841,"position":0},"title":"Wilhelmstra\u00dfe und Rheinufer in Rodenkirchen","author":"Thomas","date":"17. Oktober 2014","format":false,"excerpt":"Wilhemlmstra\u00dfe, Bahnhof und Rodenkirchener Rheinufer Kalenderblatt M\u00e4rz 2015 Das Kalenderblatt f\u00fcr M\u00e4rz 2015 zeigt uns gleich vier Ansichten unseres sch\u00f6nen Rodenkirchen aus dem Jahr 1915 (Poststempel): Wilhelmstra\u00dfe - Hauptstra\u00dfe - Rheinufer - Bahnhof Von der Hauptstra\u00dfe in Rodenkirchen haben wir schon in der vergangenen Woche berichtet. Heute werfen wir einen\u2026","rel":"","context":"In &quot;Alte Bilder aus K\u00f6ln Rodenkirchen&quot;","block_context":{"text":"Alte Bilder aus K\u00f6ln Rodenkirchen","link":"https:\/\/www.gaidaphotos.com\/blog\/category\/foto\/alte-bilder-aus-koln-rodenkirchen\/"},"img":{"alt_text":"","src":"https:\/\/i0.wp.com\/www.gaidaphotos.com\/blog\/wp-content\/uploads\/ngg_featured\/koeln-rodenkirchen-kalender-01.jpg?fit=1024%2C650&ssl=1&resize=350%2C200","width":350,"height":200,"srcset":"https:\/\/i0.wp.com\/www.gaidaphotos.com\/blog\/wp-content\/uploads\/ngg_featured\/koeln-rodenkirchen-kalender-01.jpg?fit=1024%2C650&ssl=1&resize=350%2C200 1x, https:\/\/i0.wp.com\/www.gaidaphotos.com\/blog\/wp-content\/uploads\/ngg_featured\/koeln-rodenkirchen-kalender-01.jpg?fit=1024%2C650&ssl=1&resize=525%2C300 1.5x, https:\/\/i0.wp.com\/www.gaidaphotos.com\/blog\/wp-content\/uploads\/ngg_featured\/koeln-rodenkirchen-kalender-01.jpg?fit=1024%2C650&ssl=1&resize=700%2C400 2x"},"classes":[]},{"id":7306,"url":"https:\/\/www.gaidaphotos.com\/blog\/2014\/09\/05\/kalender-rodenkirchen\/","url_meta":{"origin":7841,"position":1},"title":"Gru\u00df aus Rodenkirchen Kalender 2015","author":"Thomas","date":"5. September 2014","format":false,"excerpt":"Gru\u00df aus Rodenkirchen Kalender 2015 mit historischen Postkarten Ansichtskarten von Rodenkirchen vor mehr als 100 Jahren als Wandkalender f\u00fcr 2015. Unser sch\u00f6nes Rodenkirchen war nicht immer so ein pulsierendes k\u00f6lsches Veedel. Vor 100 Jahren war Rodenkirchen eher ein verschlafenes Dorf im K\u00f6lner S\u00fcden. Ein \"verschlafenes Dorf\"? Mit ein paar gro\u00dfen\u2026","rel":"","context":"In &quot;Alte Bilder aus K\u00f6ln Rodenkirchen&quot;","block_context":{"text":"Alte Bilder aus K\u00f6ln Rodenkirchen","link":"https:\/\/www.gaidaphotos.com\/blog\/category\/foto\/alte-bilder-aus-koln-rodenkirchen\/"},"img":{"alt_text":"","src":"https:\/\/i0.wp.com\/www.gaidaphotos.com\/blog\/wp-content\/uploads\/ngg_featured\/rodenkirchen-kalender-2014-03.jpg?fit=724%2C1024&ssl=1&resize=350%2C200","width":350,"height":200,"srcset":"https:\/\/i0.wp.com\/www.gaidaphotos.com\/blog\/wp-content\/uploads\/ngg_featured\/rodenkirchen-kalender-2014-03.jpg?fit=724%2C1024&ssl=1&resize=350%2C200 1x, https:\/\/i0.wp.com\/www.gaidaphotos.com\/blog\/wp-content\/uploads\/ngg_featured\/rodenkirchen-kalender-2014-03.jpg?fit=724%2C1024&ssl=1&resize=525%2C300 1.5x, https:\/\/i0.wp.com\/www.gaidaphotos.com\/blog\/wp-content\/uploads\/ngg_featured\/rodenkirchen-kalender-2014-03.jpg?fit=724%2C1024&ssl=1&resize=700%2C400 2x"},"classes":[]},{"id":8170,"url":"https:\/\/www.gaidaphotos.com\/blog\/2014\/11\/20\/cafe-rheinterrassen-in-rodenkirchen-1911-1932\/","url_meta":{"origin":7841,"position":2},"title":"Cafe Rheinterrassen in Rodenkirchen (1911-1932)","author":"Thomas","date":"20. November 2014","format":false,"excerpt":"Cafe Rheinterrassen in Rodenkirchen (1911-1932) Einst befand sich das gr\u00f6\u00dfte Ausflugs- und Tanzlokal von K\u00f6ln in Rodenkirchen. Das \"Cafe Rheinterrassen\" lockte viele K\u00f6lner jeden Tag zu Kaffee und Kuchen, Tanztee oder Soiree an die k\u00f6lsche Riviera. Heute alleine wegen der Parkpl\u00e4tze und dem n\u00e4chtlichen L\u00e4rm kaum vorstellbar, war vor 100\u2026","rel":"","context":"In &quot;Alte Bilder aus K\u00f6ln Rodenkirchen&quot;","block_context":{"text":"Alte Bilder aus K\u00f6ln Rodenkirchen","link":"https:\/\/www.gaidaphotos.com\/blog\/category\/foto\/alte-bilder-aus-koln-rodenkirchen\/"},"img":{"alt_text":"","src":"https:\/\/i0.wp.com\/www.gaidaphotos.com\/blog\/wp-content\/uploads\/ngg_featured\/koeln-rodenkirchen-rheinterrassen-g-1932-06.jpg?fit=1024%2C669&ssl=1&resize=350%2C200","width":350,"height":200,"srcset":"https:\/\/i0.wp.com\/www.gaidaphotos.com\/blog\/wp-content\/uploads\/ngg_featured\/koeln-rodenkirchen-rheinterrassen-g-1932-06.jpg?fit=1024%2C669&ssl=1&resize=350%2C200 1x, https:\/\/i0.wp.com\/www.gaidaphotos.com\/blog\/wp-content\/uploads\/ngg_featured\/koeln-rodenkirchen-rheinterrassen-g-1932-06.jpg?fit=1024%2C669&ssl=1&resize=525%2C300 1.5x, https:\/\/i0.wp.com\/www.gaidaphotos.com\/blog\/wp-content\/uploads\/ngg_featured\/koeln-rodenkirchen-rheinterrassen-g-1932-06.jpg?fit=1024%2C669&ssl=1&resize=700%2C400 2x"},"classes":[]},{"id":8250,"url":"https:\/\/www.gaidaphotos.com\/blog\/2014\/11\/28\/ortseingang-rodenkirchen-1906-bootshaeuser-1909\/","url_meta":{"origin":7841,"position":3},"title":"Ortseingang Rodenkirchen (1906-2014) Bootsh\u00e4user (1909-2014)","author":"Thomas","date":"28. November 2014","format":false,"excerpt":"So sch\u00f6n ist Rodenkirchen Ortseingang und Bootsh\u00e4user zwischen 1909 und heute Die Kalenderbl\u00e4tter f\u00fcr Juni und Juli zeigen uns bekannte Ansichten, den Ortseingang und ein Bootshaus, vor \u00fcber hundert Jahren. Jeder von uns kennt die Stra\u00dfengabelung am n\u00f6rdlichen Rand von Rodenkirchen, gleich vor der Autobahnbr\u00fccke. Auch vor \u00fcber 100 Jahren\u2026","rel":"","context":"In &quot;Alte Bilder aus K\u00f6ln Rodenkirchen&quot;","block_context":{"text":"Alte Bilder aus K\u00f6ln Rodenkirchen","link":"https:\/\/www.gaidaphotos.com\/blog\/category\/foto\/alte-bilder-aus-koln-rodenkirchen\/"},"img":{"alt_text":"","src":"https:\/\/i0.wp.com\/www.gaidaphotos.com\/blog\/wp-content\/uploads\/ngg_featured\/koeln-rodenkirchen-kalender-04.jpg?fit=1024%2C651&ssl=1&resize=350%2C200","width":350,"height":200,"srcset":"https:\/\/i0.wp.com\/www.gaidaphotos.com\/blog\/wp-content\/uploads\/ngg_featured\/koeln-rodenkirchen-kalender-04.jpg?fit=1024%2C651&ssl=1&resize=350%2C200 1x, https:\/\/i0.wp.com\/www.gaidaphotos.com\/blog\/wp-content\/uploads\/ngg_featured\/koeln-rodenkirchen-kalender-04.jpg?fit=1024%2C651&ssl=1&resize=525%2C300 1.5x, https:\/\/i0.wp.com\/www.gaidaphotos.com\/blog\/wp-content\/uploads\/ngg_featured\/koeln-rodenkirchen-kalender-04.jpg?fit=1024%2C651&ssl=1&resize=700%2C400 2x"},"classes":[]},{"id":8151,"url":"https:\/\/www.gaidaphotos.com\/blog\/2014\/11\/14\/kapelle-am-rhein-alte-fotos\/","url_meta":{"origin":7841,"position":4},"title":"Kapelle am Rhein &#8211; alte Fotos","author":"Thomas","date":"14. November 2014","format":false,"excerpt":"Cafe an der alten Kapelle Das bekannteste Motiv aus Rodenkirchen, die alte Kapelle am Rhein mit dem benachbarten Ausflugslokal, darf in unserem Gru\u00df aus Rodenkirchen Kalender f\u00fcr 2015 nat\u00fcrlich nicht fehlen. Das Kalenderblatt f\u00fcr den April zeigt uns eine historische Postkarte aus der Sammlung Karin Ahrens, aus den 1930er Jahren.\u2026","rel":"","context":"In &quot;Alte Bilder aus K\u00f6ln Rodenkirchen&quot;","block_context":{"text":"Alte Bilder aus K\u00f6ln Rodenkirchen","link":"https:\/\/www.gaidaphotos.com\/blog\/category\/foto\/alte-bilder-aus-koln-rodenkirchen\/"},"img":{"alt_text":"","src":"https:\/\/i0.wp.com\/www.gaidaphotos.com\/blog\/wp-content\/uploads\/ngg_featured\/cafe-am-kapellchen-rodenkirchen-1925.jpg?fit=1024%2C751&ssl=1&resize=350%2C200","width":350,"height":200,"srcset":"https:\/\/i0.wp.com\/www.gaidaphotos.com\/blog\/wp-content\/uploads\/ngg_featured\/cafe-am-kapellchen-rodenkirchen-1925.jpg?fit=1024%2C751&ssl=1&resize=350%2C200 1x, https:\/\/i0.wp.com\/www.gaidaphotos.com\/blog\/wp-content\/uploads\/ngg_featured\/cafe-am-kapellchen-rodenkirchen-1925.jpg?fit=1024%2C751&ssl=1&resize=525%2C300 1.5x, https:\/\/i0.wp.com\/www.gaidaphotos.com\/blog\/wp-content\/uploads\/ngg_featured\/cafe-am-kapellchen-rodenkirchen-1925.jpg?fit=1024%2C751&ssl=1&resize=700%2C400 2x"},"classes":[]},{"id":7873,"url":"https:\/\/www.gaidaphotos.com\/blog\/2014\/10\/02\/koeln-rodenkirchen-hauptstrasse\/","url_meta":{"origin":7841,"position":5},"title":"K\u00f6ln-Rodenkirchen Hauptstra\u00dfe","author":"Thomas","date":"2. Oktober 2014","format":false,"excerpt":"Bilder von der Rodenkirchener Hauptstra\u00dfe Rodenkirchen Kalenderblatt Februar In einer aktuellen Passantenz\u00e4hlung der Immobilienmakler Larbig & Mortag kommt die Hauptstra\u00dfe in Rodenkirchen auf 1553 Passanten und liegt damit auf dem ersten Platz der Nebenlagen au\u00dferhalb der Innenstadt. Nur die Breite Stra\u00dfe und die Ehrenstra\u00dfe, beide in der K\u00f6lner City gelegen,\u2026","rel":"","context":"In &quot;Alte Bilder aus K\u00f6ln Rodenkirchen&quot;","block_context":{"text":"Alte Bilder aus K\u00f6ln Rodenkirchen","link":"https:\/\/www.gaidaphotos.com\/blog\/category\/foto\/alte-bilder-aus-koln-rodenkirchen\/"},"img":{"alt_text":"","src":"https:\/\/i0.wp.com\/www.gaidaphotos.com\/blog\/wp-content\/uploads\/ngg_featured\/koeln-rodenkirchen-kalender-g-1915.jpg?fit=1024%2C649&ssl=1&resize=350%2C200","width":350,"height":200,"srcset":"https:\/\/i0.wp.com\/www.gaidaphotos.com\/blog\/wp-content\/uploads\/ngg_featured\/koeln-rodenkirchen-kalender-g-1915.jpg?fit=1024%2C649&ssl=1&resize=350%2C200 1x, https:\/\/i0.wp.com\/www.gaidaphotos.com\/blog\/wp-content\/uploads\/ngg_featured\/koeln-rodenkirchen-kalender-g-1915.jpg?fit=1024%2C649&ssl=1&resize=525%2C300 1.5x, https:\/\/i0.wp.com\/www.gaidaphotos.com\/blog\/wp-content\/uploads\/ngg_featured\/koeln-rodenkirchen-kalender-g-1915.jpg?fit=1024%2C649&ssl=1&resize=700%2C400 2x"},"classes":[]}],"_links":{"self":[{"href":"https:\/\/www.gaidaphotos.com\/blog\/wp-json\/wp\/v2\/posts\/7841","targetHints":{"allow":["GET"]}}],"collection":[{"href":"https:\/\/www.gaidaphotos.com\/blog\/wp-json\/wp\/v2\/posts"}],"about":[{"href":"https:\/\/www.gaidaphotos.com\/blog\/wp-json\/wp\/v2\/types\/post"}],"author":[{"embeddable":true,"href":"https:\/\/www.gaidaphotos.com\/blog\/wp-json\/wp\/v2\/users\/6"}],"replies":[{"embeddable":true,"href":"https:\/\/www.gaidaphotos.com\/blog\/wp-json\/wp\/v2\/comments?post=7841"}],"version-history":[{"count":0,"href":"https:\/\/www.gaidaphotos.com\/blog\/wp-json\/wp\/v2\/posts\/7841\/revisions"}],"wp:featuredmedia":[{"embeddable":true,"href":"https:\/\/www.gaidaphotos.com\/blog\/wp-json\/wp\/v2\/media\/7842"}],"wp:attachment":[{"href":"https:\/\/www.gaidaphotos.com\/blog\/wp-json\/wp\/v2\/media?parent=7841"}],"wp:term":[{"taxonomy":"category","embeddable":true,"href":"https:\/\/www.gaidaphotos.com\/blog\/wp-json\/wp\/v2\/categories?post=7841"},{"taxonomy":"post_tag","embeddable":true,"href":"https:\/\/www.gaidaphotos.com\/blog\/wp-json\/wp\/v2\/tags?post=7841"}],"curies":[{"name":"wp","href":"https:\/\/api.w.org\/{rel}","templated":true}]}}