{"id":8170,"date":"2014-11-20T16:25:30","date_gmt":"2014-11-20T15:25:30","guid":{"rendered":"http:\/\/www.gaidaphotos.com\/blog\/?p=8170"},"modified":"2020-08-14T11:00:47","modified_gmt":"2020-08-14T09:00:47","slug":"cafe-rheinterrassen-in-rodenkirchen-1911-1932","status":"publish","type":"post","link":"https:\/\/www.gaidaphotos.com\/blog\/2014\/11\/20\/cafe-rheinterrassen-in-rodenkirchen-1911-1932\/","title":{"rendered":"Cafe Rheinterrassen in Rodenkirchen (1911-1932)"},"content":{"rendered":"<h2>Cafe Rheinterrassen in Rodenkirchen (1911-1932)<\/h2>\n<p><a title=\"Ausflugslokal K\u00f6ln-Rodenkirchen, 1932\" href=\"https:\/\/i0.wp.com\/www.gaidaphotos.com\/blog\/wp-content\/gallery\/cafe-rheinterrassen-in-rodenkirchen\/koeln-rodenkirchen-rheinterrassen-g-1932-06.jpg?ssl=1\"><img data-recalc-dims=\"1\" decoding=\"async\" src=\"https:\/\/i0.wp.com\/www.gaidaphotos.com\/blog\/wp-content\/gallery\/cafe-rheinterrassen-in-rodenkirchen\/thumbs\/thumbs_koeln-rodenkirchen-rheinterrassen-g-1932-06.jpg?w=910&#038;ssl=1\" alt=\"Rheinterassen Rodenkirchen\" align=\"middle\"><\/a><br \/>\nEinst befand sich das <strong>gr\u00f6\u00dfte Ausflugs- und Tanzlokal von K\u00f6ln<\/strong> in Rodenkirchen. Das <strong>&#8222;Cafe Rheinterrassen&#8220;<\/strong> lockte viele K\u00f6lner jeden Tag zu Kaffee und Kuchen, Tanztee oder Soiree an die k\u00f6lsche Riviera.<\/p>\n<p>Heute alleine wegen der Parkpl\u00e4tze und dem n\u00e4chtlichen L\u00e4rm kaum vorstellbar, war vor 100 Jahren das gro\u00dfe Ausflugslokal am Rheinufer der Anziehungspunkt im K\u00f6lner S\u00fcden. Was heute die Ringe f\u00fcr die Abendunterhaltung sind, war fr\u00fcher unser sch\u00f6nes Rodenkirchen.<\/p>\n<p>Das <strong>Cafe Rheinterrassen<\/strong>, sp\u00e4ter Rhein-Pavillon, ist Hintergrund einer <strong>Familienanekdote<\/strong>. Mein Gro\u00dfvater (geb. 1901, gest. 1994) stammte aus Rodenkirchen (das Dorf) und lebte dort bei seiner Familie. Seine Verlobte, meine Gro\u00dfmutter (geb. 1903, gest. 1993) wohnte bei ihrer Familie in Bayenthal (die Stadt). Wenn er sie am Abend nach Hause gebracht hatte, hielt er bei den Rheinterrassen an, um noch ein wenig das Tanzbein zu schwingen. Das \u00e4nderte sich allerdings mit der Hochzeit der beiden im Jahr 1927.<\/p>\n<h3>Kalenderblatt Mai<br \/>\nCafe Rheinterrassen in Rodenkirchen<\/h3>\n<p>Das Blatt f\u00fcr Mai aus dem Kalender &#8222;<a title=\"Kalender 2015\" href=\"https:\/\/www.gaidaphotos.com\/blog\/2014\/09\/05\/kalender-rodenkirchen\/\" target=\"_blank\" rel=\"noopener noreferrer\"><strong>Gru\u00df aus Rodenkirchen<\/strong><\/a>&#8220; zeigt das Cafe Rheinterrasse in den fr\u00fchen 1930er Jahren.<br \/>\nDie erste Postkarte stammt aus dem Jahr 1911. Schon vor \u00fcber 100 Jahren war Rodenkirchen ein <strong>beliebtes Ausflugsziel<\/strong> am linksrheinschen Ufer. Mit der <strong>Rheinuferbahn <\/strong>war man schnell aus der Stadt an&#8217;s Rodenkirchener Rheinufer gekommen. Die g\u00fcnstige Verkehrsanbindung zum Bahnhof in Rodenkirchen brachte viele Ausfl\u00fcgler nach Rodenkirchen und begr\u00fcndete seinen Ruf als &#8222;<strong>k\u00f6lsche Riviera<\/strong>&#8222;.<br \/>\nDie folgenden Fotos aus den Jahren 1918, 1924, 1926, 1929 und zuletzt 1932 zeigen ein im wesentlichen unver\u00e4ndertes Bild der gro\u00dfz\u00fcgigen Anlage der Rheinterrassen oder sp\u00e4ter des Rhein-Pavillon. Lediglich die Bestuhlung \u00e4nderte sich \u00fcber die Jahre hinweg.<br \/>\n1931 schickte man Postkarten von &#8222;Herry Head&#8220;, der mit seiner Band jeden Abend auf der Rheinterrasse oder im Pavillon spielte.<br \/>\nDas Cafe und der Pavillon mussten ebenso wie die <strong>Ippener M\u00fchle<\/strong>, s. Foto von 1924 im Hintergrund mit der Rodenkirchener Kirche, dem Bau der Autobahnbr\u00fccke 1933\/1934 weichen.<\/p>\n<h3>Cafe Rheinterrassen, Rhein-Pavillon und<br \/>\nGr\u00fc\u00dfe von Herry Head<\/h3>\nngg_shortcode_0_placeholder\n<h3>Historische Postkarten aus K\u00f6ln und aller Welt<\/h3>\n<p>Viele <strong>alte Postkarten und Fotos<\/strong> aus Rodenkirchen, K\u00f6ln und aller Welt finden Sie ebenso wie Gru\u00dfkarten zu den wichtigsten Feiertagen und viele Motivkarten in der gro\u00dfen Internet <a title=\"alte Postkarten Sammlung\" href=\"http:\/\/www.postkarten-paradies.net\">Postkarten Sammlung<\/a>.<\/p>\n<p>Die gezeigten Postkarten stammen aus der Sammlung Karin Ahrens, K\u00f6ln.<\/p>\n","protected":false},"excerpt":{"rendered":"<p>Cafe Rheinterrassen in Rodenkirchen (1911-1932) Einst befand sich das gr\u00f6\u00dfte Ausflugs- und Tanzlokal von K\u00f6ln in Rodenkirchen. Das &#8222;Cafe Rheinterrassen&#8220;<\/p>\n","protected":false},"author":6,"featured_media":8193,"comment_status":"open","ping_status":"open","sticky":false,"template":"","format":"standard","meta":{"_crdt_document":"","ngg_post_thumbnail":0,"jetpack_post_was_ever_published":false,"_jetpack_newsletter_access":"","_jetpack_dont_email_post_to_subs":false,"_jetpack_newsletter_tier_id":0,"_jetpack_memberships_contains_paywalled_content":false,"_jetpack_memberships_contains_paid_content":false,"footnotes":"","jetpack_publicize_message":"","jetpack_publicize_feature_enabled":true,"jetpack_social_post_already_shared":true,"jetpack_social_options":{"image_generator_settings":{"template":"highway","default_image_id":0,"font":"","enabled":false},"version":2}},"categories":[185,474,480],"tags":[538,554],"class_list":["post-8170","post","type-post","status-publish","format-standard","has-post-thumbnail","hentry","category-alte-bilder-aus-koln-rodenkirchen","category-koeln-rodenkirchen-geschichte","category-rodenkirchen-kalender","tag-koeln-rodenkirchen","tag-rhein"],"yoast_head":"<!-- This site is optimized with the Yoast SEO plugin v27.5 - https:\/\/yoast.com\/product\/yoast-seo-wordpress\/ -->\n<title>Cafe Rheinterrassen in Rodenkirchen (1911-1932) - K\u00f6ln Rodenkirchen und die Welt<\/title>\n<meta name=\"description\" content=\"Cafe Rheinterrassen in Rodenkirchen in Postkarten von 1911 bis 1932, kurze Geschichte des gr\u00f6\u00dften Tanzlokals in K\u00f6ln\" \/>\n<meta name=\"robots\" content=\"index, follow, max-snippet:-1, max-image-preview:large, max-video-preview:-1\" \/>\n<link rel=\"canonical\" href=\"https:\/\/www.gaidaphotos.com\/blog\/2014\/11\/20\/cafe-rheinterrassen-in-rodenkirchen-1911-1932\/\" \/>\n<meta property=\"og:locale\" content=\"de_DE\" \/>\n<meta property=\"og:type\" content=\"article\" \/>\n<meta property=\"og:title\" content=\"Cafe Rheinterrassen in Rodenkirchen (1911-1932) - K\u00f6ln Rodenkirchen und die Welt\" \/>\n<meta property=\"og:description\" content=\"Cafe Rheinterrassen in Rodenkirchen in Postkarten von 1911 bis 1932, kurze Geschichte des gr\u00f6\u00dften Tanzlokals in K\u00f6ln\" \/>\n<meta property=\"og:url\" content=\"https:\/\/www.gaidaphotos.com\/blog\/2014\/11\/20\/cafe-rheinterrassen-in-rodenkirchen-1911-1932\/\" \/>\n<meta property=\"og:site_name\" content=\"K\u00f6ln Rodenkirchen und die Welt\" \/>\n<meta property=\"article:publisher\" content=\"https:\/\/www.facebook.com\/Koeln.Rodenkirchen\" \/>\n<meta property=\"article:author\" content=\"https:\/\/www.facebook.com\/gaidaphotos\" \/>\n<meta property=\"article:published_time\" content=\"2014-11-20T15:25:30+00:00\" \/>\n<meta property=\"article:modified_time\" content=\"2020-08-14T09:00:47+00:00\" \/>\n<meta property=\"og:image\" content=\"https:\/\/i1.wp.com\/www.gaidaphotos.com\/blog\/wp-content\/uploads\/ngg_featured\/koeln-rodenkirchen-rheinterrassen-g-1932-06.jpg?fit=1024%2C669&ssl=1\" \/>\n\t<meta property=\"og:image:width\" content=\"1024\" \/>\n\t<meta property=\"og:image:height\" content=\"669\" \/>\n\t<meta property=\"og:image:type\" content=\"image\/jpeg\" \/>\n<meta name=\"author\" content=\"Thomas\" \/>\n<meta name=\"twitter:card\" content=\"summary_large_image\" \/>\n<meta name=\"twitter:creator\" content=\"@gaidaphotos\" \/>\n<meta name=\"twitter:site\" content=\"@gaidaphotos\" \/>\n<meta name=\"twitter:label1\" content=\"Verfasst von\" \/>\n\t<meta name=\"twitter:data1\" content=\"Thomas\" \/>\n\t<meta name=\"twitter:label2\" content=\"Gesch\u00e4tzte Lesezeit\" \/>\n\t<meta name=\"twitter:data2\" content=\"2\u00a0Minuten\" \/>\n<script type=\"application\/ld+json\" class=\"yoast-schema-graph\">{\"@context\":\"https:\\\/\\\/schema.org\",\"@graph\":[{\"@type\":\"Article\",\"@id\":\"https:\\\/\\\/www.gaidaphotos.com\\\/blog\\\/2014\\\/11\\\/20\\\/cafe-rheinterrassen-in-rodenkirchen-1911-1932\\\/#article\",\"isPartOf\":{\"@id\":\"https:\\\/\\\/www.gaidaphotos.com\\\/blog\\\/2014\\\/11\\\/20\\\/cafe-rheinterrassen-in-rodenkirchen-1911-1932\\\/\"},\"author\":{\"name\":\"Thomas\",\"@id\":\"https:\\\/\\\/www.gaidaphotos.com\\\/blog\\\/#\\\/schema\\\/person\\\/6c444a5b13ffc503c5c32f5a9ec68b21\"},\"headline\":\"Cafe Rheinterrassen in Rodenkirchen (1911-1932)\",\"datePublished\":\"2014-11-20T15:25:30+00:00\",\"dateModified\":\"2020-08-14T09:00:47+00:00\",\"mainEntityOfPage\":{\"@id\":\"https:\\\/\\\/www.gaidaphotos.com\\\/blog\\\/2014\\\/11\\\/20\\\/cafe-rheinterrassen-in-rodenkirchen-1911-1932\\\/\"},\"wordCount\":398,\"commentCount\":1,\"publisher\":{\"@id\":\"https:\\\/\\\/www.gaidaphotos.com\\\/blog\\\/#organization\"},\"image\":{\"@id\":\"https:\\\/\\\/www.gaidaphotos.com\\\/blog\\\/2014\\\/11\\\/20\\\/cafe-rheinterrassen-in-rodenkirchen-1911-1932\\\/#primaryimage\"},\"thumbnailUrl\":\"https:\\\/\\\/i0.wp.com\\\/www.gaidaphotos.com\\\/blog\\\/wp-content\\\/uploads\\\/ngg_featured\\\/koeln-rodenkirchen-rheinterrassen-g-1932-06.jpg?fit=1024%2C669&ssl=1\",\"keywords\":[\"K\u00f6ln Rodenkirchen\",\"Rhein\"],\"articleSection\":[\"Alte Bilder aus K\u00f6ln Rodenkirchen\",\"K\u00f6ln Rodenkirchen geschichte\",\"Rodenkirchen Kalender\"],\"inLanguage\":\"de\",\"potentialAction\":[{\"@type\":\"CommentAction\",\"name\":\"Comment\",\"target\":[\"https:\\\/\\\/www.gaidaphotos.com\\\/blog\\\/2014\\\/11\\\/20\\\/cafe-rheinterrassen-in-rodenkirchen-1911-1932\\\/#respond\"]}]},{\"@type\":\"WebPage\",\"@id\":\"https:\\\/\\\/www.gaidaphotos.com\\\/blog\\\/2014\\\/11\\\/20\\\/cafe-rheinterrassen-in-rodenkirchen-1911-1932\\\/\",\"url\":\"https:\\\/\\\/www.gaidaphotos.com\\\/blog\\\/2014\\\/11\\\/20\\\/cafe-rheinterrassen-in-rodenkirchen-1911-1932\\\/\",\"name\":\"Cafe Rheinterrassen in Rodenkirchen (1911-1932) - K\u00f6ln Rodenkirchen und die Welt\",\"isPartOf\":{\"@id\":\"https:\\\/\\\/www.gaidaphotos.com\\\/blog\\\/#website\"},\"primaryImageOfPage\":{\"@id\":\"https:\\\/\\\/www.gaidaphotos.com\\\/blog\\\/2014\\\/11\\\/20\\\/cafe-rheinterrassen-in-rodenkirchen-1911-1932\\\/#primaryimage\"},\"image\":{\"@id\":\"https:\\\/\\\/www.gaidaphotos.com\\\/blog\\\/2014\\\/11\\\/20\\\/cafe-rheinterrassen-in-rodenkirchen-1911-1932\\\/#primaryimage\"},\"thumbnailUrl\":\"https:\\\/\\\/i0.wp.com\\\/www.gaidaphotos.com\\\/blog\\\/wp-content\\\/uploads\\\/ngg_featured\\\/koeln-rodenkirchen-rheinterrassen-g-1932-06.jpg?fit=1024%2C669&ssl=1\",\"datePublished\":\"2014-11-20T15:25:30+00:00\",\"dateModified\":\"2020-08-14T09:00:47+00:00\",\"description\":\"Cafe Rheinterrassen in Rodenkirchen in Postkarten von 1911 bis 1932, kurze Geschichte des gr\u00f6\u00dften Tanzlokals in K\u00f6ln\",\"breadcrumb\":{\"@id\":\"https:\\\/\\\/www.gaidaphotos.com\\\/blog\\\/2014\\\/11\\\/20\\\/cafe-rheinterrassen-in-rodenkirchen-1911-1932\\\/#breadcrumb\"},\"inLanguage\":\"de\",\"potentialAction\":[{\"@type\":\"ReadAction\",\"target\":[\"https:\\\/\\\/www.gaidaphotos.com\\\/blog\\\/2014\\\/11\\\/20\\\/cafe-rheinterrassen-in-rodenkirchen-1911-1932\\\/\"]}]},{\"@type\":\"ImageObject\",\"inLanguage\":\"de\",\"@id\":\"https:\\\/\\\/www.gaidaphotos.com\\\/blog\\\/2014\\\/11\\\/20\\\/cafe-rheinterrassen-in-rodenkirchen-1911-1932\\\/#primaryimage\",\"url\":\"https:\\\/\\\/i0.wp.com\\\/www.gaidaphotos.com\\\/blog\\\/wp-content\\\/uploads\\\/ngg_featured\\\/koeln-rodenkirchen-rheinterrassen-g-1932-06.jpg?fit=1024%2C669&ssl=1\",\"contentUrl\":\"https:\\\/\\\/i0.wp.com\\\/www.gaidaphotos.com\\\/blog\\\/wp-content\\\/uploads\\\/ngg_featured\\\/koeln-rodenkirchen-rheinterrassen-g-1932-06.jpg?fit=1024%2C669&ssl=1\",\"width\":1024,\"height\":669},{\"@type\":\"BreadcrumbList\",\"@id\":\"https:\\\/\\\/www.gaidaphotos.com\\\/blog\\\/2014\\\/11\\\/20\\\/cafe-rheinterrassen-in-rodenkirchen-1911-1932\\\/#breadcrumb\",\"itemListElement\":[{\"@type\":\"ListItem\",\"position\":1,\"name\":\"Startseite\",\"item\":\"https:\\\/\\\/www.gaidaphotos.com\\\/blog\\\/\"},{\"@type\":\"ListItem\",\"position\":2,\"name\":\"Cafe Rheinterrassen in Rodenkirchen (1911-1932)\"}]},{\"@type\":\"WebSite\",\"@id\":\"https:\\\/\\\/www.gaidaphotos.com\\\/blog\\\/#website\",\"url\":\"https:\\\/\\\/www.gaidaphotos.com\\\/blog\\\/\",\"name\":\"K\u00f6ln Rodenkirchen und die Welt\",\"description\":\"Einkaufen, Restaurants, Freizeit, Nachrichten und was uns sonst bewegt und begegnet\",\"publisher\":{\"@id\":\"https:\\\/\\\/www.gaidaphotos.com\\\/blog\\\/#organization\"},\"potentialAction\":[{\"@type\":\"SearchAction\",\"target\":{\"@type\":\"EntryPoint\",\"urlTemplate\":\"https:\\\/\\\/www.gaidaphotos.com\\\/blog\\\/?s={search_term_string}\"},\"query-input\":{\"@type\":\"PropertyValueSpecification\",\"valueRequired\":true,\"valueName\":\"search_term_string\"}}],\"inLanguage\":\"de\"},{\"@type\":\"Organization\",\"@id\":\"https:\\\/\\\/www.gaidaphotos.com\\\/blog\\\/#organization\",\"name\":\"gaidaphotos\",\"url\":\"https:\\\/\\\/www.gaidaphotos.com\\\/blog\\\/\",\"logo\":{\"@type\":\"ImageObject\",\"inLanguage\":\"de\",\"@id\":\"https:\\\/\\\/www.gaidaphotos.com\\\/blog\\\/#\\\/schema\\\/logo\\\/image\\\/\",\"url\":\"https:\\\/\\\/i0.wp.com\\\/www.gaidaphotos.com\\\/blog\\\/wp-content\\\/uploads\\\/2020\\\/07\\\/GAIDAPHOTOS-COM.jpg?fit=160%2C96&ssl=1\",\"contentUrl\":\"https:\\\/\\\/i0.wp.com\\\/www.gaidaphotos.com\\\/blog\\\/wp-content\\\/uploads\\\/2020\\\/07\\\/GAIDAPHOTOS-COM.jpg?fit=160%2C96&ssl=1\",\"width\":160,\"height\":96,\"caption\":\"gaidaphotos\"},\"image\":{\"@id\":\"https:\\\/\\\/www.gaidaphotos.com\\\/blog\\\/#\\\/schema\\\/logo\\\/image\\\/\"},\"sameAs\":[\"https:\\\/\\\/www.facebook.com\\\/Koeln.Rodenkirchen\",\"https:\\\/\\\/x.com\\\/gaidaphotos\",\"https:\\\/\\\/instagram.com\\\/gaidaphotos\\\/\",\"https:\\\/\\\/de.linkedin.com\\\/in\\\/gaidaphotos\",\"https:\\\/\\\/myspace.com\\\/gaidaphotos\",\"https:\\\/\\\/www.pinterest.com\\\/gaidaphotos\\\/\",\"https:\\\/\\\/www.youtube.com\\\/user\\\/gaidaphotos\"]},{\"@type\":\"Person\",\"@id\":\"https:\\\/\\\/www.gaidaphotos.com\\\/blog\\\/#\\\/schema\\\/person\\\/6c444a5b13ffc503c5c32f5a9ec68b21\",\"name\":\"Thomas\",\"sameAs\":[\"https:\\\/\\\/www.gaidaphotos.com\",\"https:\\\/\\\/www.facebook.com\\\/gaidaphotos\",\"https:\\\/\\\/instagram.com\\\/gaidaphotos\\\/\",\"https:\\\/\\\/www.linkedin.com\\\/in\\\/gaidaphotos\",\"http:\\\/\\\/www.pinterest.com\\\/gaidaphotos\\\/\",\"https:\\\/\\\/x.com\\\/gaidaphotos\",\"https:\\\/\\\/myspace.com\\\/gaidaphotos\",\"https:\\\/\\\/www.youtube.com\\\/user\\\/gaidaphotos\",\"https:\\\/\\\/gaidaphotos.tumblr.com\\\/\"]}]}<\/script>\n<!-- \/ Yoast SEO plugin. -->","yoast_head_json":{"title":"Cafe Rheinterrassen in Rodenkirchen (1911-1932) - K\u00f6ln Rodenkirchen und die Welt","description":"Cafe Rheinterrassen in Rodenkirchen in Postkarten von 1911 bis 1932, kurze Geschichte des gr\u00f6\u00dften Tanzlokals in K\u00f6ln","robots":{"index":"index","follow":"follow","max-snippet":"max-snippet:-1","max-image-preview":"max-image-preview:large","max-video-preview":"max-video-preview:-1"},"canonical":"https:\/\/www.gaidaphotos.com\/blog\/2014\/11\/20\/cafe-rheinterrassen-in-rodenkirchen-1911-1932\/","og_locale":"de_DE","og_type":"article","og_title":"Cafe Rheinterrassen in Rodenkirchen (1911-1932) - K\u00f6ln Rodenkirchen und die Welt","og_description":"Cafe Rheinterrassen in Rodenkirchen in Postkarten von 1911 bis 1932, kurze Geschichte des gr\u00f6\u00dften Tanzlokals in K\u00f6ln","og_url":"https:\/\/www.gaidaphotos.com\/blog\/2014\/11\/20\/cafe-rheinterrassen-in-rodenkirchen-1911-1932\/","og_site_name":"K\u00f6ln Rodenkirchen und die Welt","article_publisher":"https:\/\/www.facebook.com\/Koeln.Rodenkirchen","article_author":"https:\/\/www.facebook.com\/gaidaphotos","article_published_time":"2014-11-20T15:25:30+00:00","article_modified_time":"2020-08-14T09:00:47+00:00","og_image":[{"width":1024,"height":669,"url":"https:\/\/i1.wp.com\/www.gaidaphotos.com\/blog\/wp-content\/uploads\/ngg_featured\/koeln-rodenkirchen-rheinterrassen-g-1932-06.jpg?fit=1024%2C669&ssl=1","type":"image\/jpeg"}],"author":"Thomas","twitter_card":"summary_large_image","twitter_creator":"@gaidaphotos","twitter_site":"@gaidaphotos","twitter_misc":{"Verfasst von":"Thomas","Gesch\u00e4tzte Lesezeit":"2\u00a0Minuten"},"schema":{"@context":"https:\/\/schema.org","@graph":[{"@type":"Article","@id":"https:\/\/www.gaidaphotos.com\/blog\/2014\/11\/20\/cafe-rheinterrassen-in-rodenkirchen-1911-1932\/#article","isPartOf":{"@id":"https:\/\/www.gaidaphotos.com\/blog\/2014\/11\/20\/cafe-rheinterrassen-in-rodenkirchen-1911-1932\/"},"author":{"name":"Thomas","@id":"https:\/\/www.gaidaphotos.com\/blog\/#\/schema\/person\/6c444a5b13ffc503c5c32f5a9ec68b21"},"headline":"Cafe Rheinterrassen in Rodenkirchen (1911-1932)","datePublished":"2014-11-20T15:25:30+00:00","dateModified":"2020-08-14T09:00:47+00:00","mainEntityOfPage":{"@id":"https:\/\/www.gaidaphotos.com\/blog\/2014\/11\/20\/cafe-rheinterrassen-in-rodenkirchen-1911-1932\/"},"wordCount":398,"commentCount":1,"publisher":{"@id":"https:\/\/www.gaidaphotos.com\/blog\/#organization"},"image":{"@id":"https:\/\/www.gaidaphotos.com\/blog\/2014\/11\/20\/cafe-rheinterrassen-in-rodenkirchen-1911-1932\/#primaryimage"},"thumbnailUrl":"https:\/\/i0.wp.com\/www.gaidaphotos.com\/blog\/wp-content\/uploads\/ngg_featured\/koeln-rodenkirchen-rheinterrassen-g-1932-06.jpg?fit=1024%2C669&ssl=1","keywords":["K\u00f6ln Rodenkirchen","Rhein"],"articleSection":["Alte Bilder aus K\u00f6ln Rodenkirchen","K\u00f6ln Rodenkirchen geschichte","Rodenkirchen Kalender"],"inLanguage":"de","potentialAction":[{"@type":"CommentAction","name":"Comment","target":["https:\/\/www.gaidaphotos.com\/blog\/2014\/11\/20\/cafe-rheinterrassen-in-rodenkirchen-1911-1932\/#respond"]}]},{"@type":"WebPage","@id":"https:\/\/www.gaidaphotos.com\/blog\/2014\/11\/20\/cafe-rheinterrassen-in-rodenkirchen-1911-1932\/","url":"https:\/\/www.gaidaphotos.com\/blog\/2014\/11\/20\/cafe-rheinterrassen-in-rodenkirchen-1911-1932\/","name":"Cafe Rheinterrassen in Rodenkirchen (1911-1932) - K\u00f6ln Rodenkirchen und die Welt","isPartOf":{"@id":"https:\/\/www.gaidaphotos.com\/blog\/#website"},"primaryImageOfPage":{"@id":"https:\/\/www.gaidaphotos.com\/blog\/2014\/11\/20\/cafe-rheinterrassen-in-rodenkirchen-1911-1932\/#primaryimage"},"image":{"@id":"https:\/\/www.gaidaphotos.com\/blog\/2014\/11\/20\/cafe-rheinterrassen-in-rodenkirchen-1911-1932\/#primaryimage"},"thumbnailUrl":"https:\/\/i0.wp.com\/www.gaidaphotos.com\/blog\/wp-content\/uploads\/ngg_featured\/koeln-rodenkirchen-rheinterrassen-g-1932-06.jpg?fit=1024%2C669&ssl=1","datePublished":"2014-11-20T15:25:30+00:00","dateModified":"2020-08-14T09:00:47+00:00","description":"Cafe Rheinterrassen in Rodenkirchen in Postkarten von 1911 bis 1932, kurze Geschichte des gr\u00f6\u00dften Tanzlokals in K\u00f6ln","breadcrumb":{"@id":"https:\/\/www.gaidaphotos.com\/blog\/2014\/11\/20\/cafe-rheinterrassen-in-rodenkirchen-1911-1932\/#breadcrumb"},"inLanguage":"de","potentialAction":[{"@type":"ReadAction","target":["https:\/\/www.gaidaphotos.com\/blog\/2014\/11\/20\/cafe-rheinterrassen-in-rodenkirchen-1911-1932\/"]}]},{"@type":"ImageObject","inLanguage":"de","@id":"https:\/\/www.gaidaphotos.com\/blog\/2014\/11\/20\/cafe-rheinterrassen-in-rodenkirchen-1911-1932\/#primaryimage","url":"https:\/\/i0.wp.com\/www.gaidaphotos.com\/blog\/wp-content\/uploads\/ngg_featured\/koeln-rodenkirchen-rheinterrassen-g-1932-06.jpg?fit=1024%2C669&ssl=1","contentUrl":"https:\/\/i0.wp.com\/www.gaidaphotos.com\/blog\/wp-content\/uploads\/ngg_featured\/koeln-rodenkirchen-rheinterrassen-g-1932-06.jpg?fit=1024%2C669&ssl=1","width":1024,"height":669},{"@type":"BreadcrumbList","@id":"https:\/\/www.gaidaphotos.com\/blog\/2014\/11\/20\/cafe-rheinterrassen-in-rodenkirchen-1911-1932\/#breadcrumb","itemListElement":[{"@type":"ListItem","position":1,"name":"Startseite","item":"https:\/\/www.gaidaphotos.com\/blog\/"},{"@type":"ListItem","position":2,"name":"Cafe Rheinterrassen in Rodenkirchen (1911-1932)"}]},{"@type":"WebSite","@id":"https:\/\/www.gaidaphotos.com\/blog\/#website","url":"https:\/\/www.gaidaphotos.com\/blog\/","name":"K\u00f6ln Rodenkirchen und die Welt","description":"Einkaufen, Restaurants, Freizeit, Nachrichten und was uns sonst bewegt und begegnet","publisher":{"@id":"https:\/\/www.gaidaphotos.com\/blog\/#organization"},"potentialAction":[{"@type":"SearchAction","target":{"@type":"EntryPoint","urlTemplate":"https:\/\/www.gaidaphotos.com\/blog\/?s={search_term_string}"},"query-input":{"@type":"PropertyValueSpecification","valueRequired":true,"valueName":"search_term_string"}}],"inLanguage":"de"},{"@type":"Organization","@id":"https:\/\/www.gaidaphotos.com\/blog\/#organization","name":"gaidaphotos","url":"https:\/\/www.gaidaphotos.com\/blog\/","logo":{"@type":"ImageObject","inLanguage":"de","@id":"https:\/\/www.gaidaphotos.com\/blog\/#\/schema\/logo\/image\/","url":"https:\/\/i0.wp.com\/www.gaidaphotos.com\/blog\/wp-content\/uploads\/2020\/07\/GAIDAPHOTOS-COM.jpg?fit=160%2C96&ssl=1","contentUrl":"https:\/\/i0.wp.com\/www.gaidaphotos.com\/blog\/wp-content\/uploads\/2020\/07\/GAIDAPHOTOS-COM.jpg?fit=160%2C96&ssl=1","width":160,"height":96,"caption":"gaidaphotos"},"image":{"@id":"https:\/\/www.gaidaphotos.com\/blog\/#\/schema\/logo\/image\/"},"sameAs":["https:\/\/www.facebook.com\/Koeln.Rodenkirchen","https:\/\/x.com\/gaidaphotos","https:\/\/instagram.com\/gaidaphotos\/","https:\/\/de.linkedin.com\/in\/gaidaphotos","https:\/\/myspace.com\/gaidaphotos","https:\/\/www.pinterest.com\/gaidaphotos\/","https:\/\/www.youtube.com\/user\/gaidaphotos"]},{"@type":"Person","@id":"https:\/\/www.gaidaphotos.com\/blog\/#\/schema\/person\/6c444a5b13ffc503c5c32f5a9ec68b21","name":"Thomas","sameAs":["https:\/\/www.gaidaphotos.com","https:\/\/www.facebook.com\/gaidaphotos","https:\/\/instagram.com\/gaidaphotos\/","https:\/\/www.linkedin.com\/in\/gaidaphotos","http:\/\/www.pinterest.com\/gaidaphotos\/","https:\/\/x.com\/gaidaphotos","https:\/\/myspace.com\/gaidaphotos","https:\/\/www.youtube.com\/user\/gaidaphotos","https:\/\/gaidaphotos.tumblr.com\/"]}]}},"jetpack_publicize_connections":[],"jetpack_featured_media_url":"https:\/\/i0.wp.com\/www.gaidaphotos.com\/blog\/wp-content\/uploads\/ngg_featured\/koeln-rodenkirchen-rheinterrassen-g-1932-06.jpg?fit=1024%2C669&ssl=1","jetpack_sharing_enabled":true,"jetpack_likes_enabled":true,"jetpack-related-posts":[{"id":7306,"url":"https:\/\/www.gaidaphotos.com\/blog\/2014\/09\/05\/kalender-rodenkirchen\/","url_meta":{"origin":8170,"position":0},"title":"Gru\u00df aus Rodenkirchen Kalender 2015","author":"Thomas","date":"5. September 2014","format":false,"excerpt":"Gru\u00df aus Rodenkirchen Kalender 2015 mit historischen Postkarten Ansichtskarten von Rodenkirchen vor mehr als 100 Jahren als Wandkalender f\u00fcr 2015. Unser sch\u00f6nes Rodenkirchen war nicht immer so ein pulsierendes k\u00f6lsches Veedel. Vor 100 Jahren war Rodenkirchen eher ein verschlafenes Dorf im K\u00f6lner S\u00fcden. Ein \"verschlafenes Dorf\"? Mit ein paar gro\u00dfen\u2026","rel":"","context":"In &quot;Alte Bilder aus K\u00f6ln Rodenkirchen&quot;","block_context":{"text":"Alte Bilder aus K\u00f6ln Rodenkirchen","link":"https:\/\/www.gaidaphotos.com\/blog\/category\/foto\/alte-bilder-aus-koln-rodenkirchen\/"},"img":{"alt_text":"","src":"https:\/\/i0.wp.com\/www.gaidaphotos.com\/blog\/wp-content\/uploads\/ngg_featured\/rodenkirchen-kalender-2014-03.jpg?fit=724%2C1024&ssl=1&resize=350%2C200","width":350,"height":200,"srcset":"https:\/\/i0.wp.com\/www.gaidaphotos.com\/blog\/wp-content\/uploads\/ngg_featured\/rodenkirchen-kalender-2014-03.jpg?fit=724%2C1024&ssl=1&resize=350%2C200 1x, https:\/\/i0.wp.com\/www.gaidaphotos.com\/blog\/wp-content\/uploads\/ngg_featured\/rodenkirchen-kalender-2014-03.jpg?fit=724%2C1024&ssl=1&resize=525%2C300 1.5x, https:\/\/i0.wp.com\/www.gaidaphotos.com\/blog\/wp-content\/uploads\/ngg_featured\/rodenkirchen-kalender-2014-03.jpg?fit=724%2C1024&ssl=1&resize=700%2C400 2x"},"classes":[]},{"id":8151,"url":"https:\/\/www.gaidaphotos.com\/blog\/2014\/11\/14\/kapelle-am-rhein-alte-fotos\/","url_meta":{"origin":8170,"position":1},"title":"Kapelle am Rhein &#8211; alte Fotos","author":"Thomas","date":"14. November 2014","format":false,"excerpt":"Cafe an der alten Kapelle Das bekannteste Motiv aus Rodenkirchen, die alte Kapelle am Rhein mit dem benachbarten Ausflugslokal, darf in unserem Gru\u00df aus Rodenkirchen Kalender f\u00fcr 2015 nat\u00fcrlich nicht fehlen. Das Kalenderblatt f\u00fcr den April zeigt uns eine historische Postkarte aus der Sammlung Karin Ahrens, aus den 1930er Jahren.\u2026","rel":"","context":"In &quot;Alte Bilder aus K\u00f6ln Rodenkirchen&quot;","block_context":{"text":"Alte Bilder aus K\u00f6ln Rodenkirchen","link":"https:\/\/www.gaidaphotos.com\/blog\/category\/foto\/alte-bilder-aus-koln-rodenkirchen\/"},"img":{"alt_text":"","src":"https:\/\/i0.wp.com\/www.gaidaphotos.com\/blog\/wp-content\/uploads\/ngg_featured\/cafe-am-kapellchen-rodenkirchen-1925.jpg?fit=1024%2C751&ssl=1&resize=350%2C200","width":350,"height":200,"srcset":"https:\/\/i0.wp.com\/www.gaidaphotos.com\/blog\/wp-content\/uploads\/ngg_featured\/cafe-am-kapellchen-rodenkirchen-1925.jpg?fit=1024%2C751&ssl=1&resize=350%2C200 1x, https:\/\/i0.wp.com\/www.gaidaphotos.com\/blog\/wp-content\/uploads\/ngg_featured\/cafe-am-kapellchen-rodenkirchen-1925.jpg?fit=1024%2C751&ssl=1&resize=525%2C300 1.5x, https:\/\/i0.wp.com\/www.gaidaphotos.com\/blog\/wp-content\/uploads\/ngg_featured\/cafe-am-kapellchen-rodenkirchen-1925.jpg?fit=1024%2C751&ssl=1&resize=700%2C400 2x"},"classes":[]},{"id":2072,"url":"https:\/\/www.gaidaphotos.com\/blog\/2009\/09\/07\/koln-rodenkirchen-restaurants-am-rheinufer\/","url_meta":{"origin":8170,"position":2},"title":"K\u00f6ln-Rodenkirchen Restaurant: Restaurants am Rheinufer 1","author":"Thomas","date":"7. September 2009","format":false,"excerpt":"Endlich kommen wir dazu, Euch das sch\u00f6ne K\u00f6ln-Rodenkirchen n\u00e4her vorzustellen. Rodenkirchen wird auch die \"K\u00f6lsche Riviera\" genannt. Entlang des Rheinufers in Rodenkirchen finden wir eine ganze Reihe netter Ausflugslokale und Restaurants. Heute gibt es die Restaurants am Rheinufer in K\u00f6ln-Rodenkirchen von der Autobahnbr\u00fccke im Norden bis zur Barbarastra\u00dfe. \u00a0 Bootshaus\u2026","rel":"","context":"In &quot;K\u00f6ln Rodenkirchen&quot;","block_context":{"text":"K\u00f6ln Rodenkirchen","link":"https:\/\/www.gaidaphotos.com\/blog\/category\/koeln-rodenkirchen\/"},"img":{"alt_text":"K\u00f6ln Rodenkirchen Restaurant am Rheinufer","src":"https:\/\/i0.wp.com\/www.gaidaphotos.com\/blog\/wp-content\/uploads\/2009\/09\/koeln-rodenkirchen-rheinufer-300x200.jpg?resize=350%2C200&ssl=1","width":350,"height":200},"classes":[]},{"id":2180,"url":"https:\/\/www.gaidaphotos.com\/blog\/2009\/10\/15\/koeln-rodenkirchen-restaurant-restaurants-am-rheinufer-2\/","url_meta":{"origin":8170,"position":3},"title":"K\u00f6ln-Rodenkirchen Restaurant: Restaurants am Rheinufer 2","author":"Thomas","date":"15. Oktober 2009","format":false,"excerpt":"Vor einiger Zeit haben wir Euch die Restaurants am Rheinufer in K\u00f6ln-Rodenkirchen von der Autobahnbr\u00fccke im Norden bis zur Barbarastra\u00dfe vorgestellt. Heute folgen die Lokale am Rhein von der Uferstra\u00dfe bis zum Wei\u00dfer Bogen. Mit dem \"Wei\u00dfer Bogen\" endet die Uferstra\u00dfe am Rhein in K\u00f6ln-Rodenkirchen\u00b4f\u00fcr Fahrzeuge. Es lohnt sich der\u2026","rel":"","context":"In &quot;K\u00f6ln Rodenkirchen Restaurant&quot;","block_context":{"text":"K\u00f6ln Rodenkirchen Restaurant","link":"https:\/\/www.gaidaphotos.com\/blog\/category\/koeln-rodenkirchen\/koeln-rodenkirchen-restaurant\/"},"img":{"alt_text":"Koeln Rodenkirchen Restaurants am Rhein","src":"https:\/\/i0.wp.com\/www.gaidaphotos.com\/blog\/wp-content\/uploads\/2009\/10\/haus-berger-300x200.jpg?resize=350%2C200&ssl=1","width":350,"height":200},"classes":[]},{"id":2279,"url":"https:\/\/www.gaidaphotos.com\/blog\/2009\/11\/27\/koln-rodenkirchen-maternusplatz-ganz-wie-in-wien\/","url_meta":{"origin":8170,"position":4},"title":"K\u00f6ln-Rodenkirchen: Maternusplatz ganz wie in Wien","author":"01726903617@vodafone.de","date":"27. November 2009","format":false,"excerpt":"Schon vor ein paar Wochen hat in K\u00f6ln-Rodenkirchen das Cafe Central am Maternusplatz ge\u00f6ffnet. Neben deutschen, italienischen, franz\u00f6sischen und t\u00fcrkischen Angeboten h\u00e4lt jetzt auch \u00f6sterreichische Kaffeekultur in K\u00f6ln Rodenkirchen Einzug. Das Cafe in K\u00f6ln-Rodenkirchen am Maternusplatz ist Mo-Sa von 7:30 h bis 20:00 h ge\u00f6ffnet. Leider wird es wohl keine\u2026","rel":"","context":"In &quot;17&quot;","block_context":{"text":"17","link":"https:\/\/www.gaidaphotos.com\/blog\/category\/mobile_news_von_unterwegs\/mobile_news_von_unterwegs-n95\/"},"img":{"alt_text":"","src":"","width":0,"height":0},"classes":[]},{"id":3378,"url":"https:\/\/www.gaidaphotos.com\/blog\/2010\/09\/10\/rodenkirchen-erinnert-sich-15-09-2010\/","url_meta":{"origin":8170,"position":5},"title":"Rodenkirchen erinnert sich am 15.09.2010","author":"Thomas","date":"10. September 2010","format":false,"excerpt":"Rodenkirchen erinnert sich - Geschichtswerkstatt 100 Jahre Denkmalpflege in Rodenkirchen Schon vor 100 Jahren stellte Rodenkirchen seinen historischen kern unter Denkmalschutz. Im \"Orsstatut zum Schutze der Ortschaft Rodenkirchen gegen Verunstaltungen\" sch\u00fctzen die Rodenkirchener als erste Gemeinde im Stadtgebiet K\u00f6lns und als eine der ersten im Rheinland den Kernbereich des Dorfes.\u2026","rel":"","context":"In &quot;Alte Bilder aus K\u00f6ln Rodenkirchen&quot;","block_context":{"text":"Alte Bilder aus K\u00f6ln Rodenkirchen","link":"https:\/\/www.gaidaphotos.com\/blog\/category\/foto\/alte-bilder-aus-koln-rodenkirchen\/"},"img":{"alt_text":"","src":"","width":0,"height":0},"classes":[]}],"_links":{"self":[{"href":"https:\/\/www.gaidaphotos.com\/blog\/wp-json\/wp\/v2\/posts\/8170","targetHints":{"allow":["GET"]}}],"collection":[{"href":"https:\/\/www.gaidaphotos.com\/blog\/wp-json\/wp\/v2\/posts"}],"about":[{"href":"https:\/\/www.gaidaphotos.com\/blog\/wp-json\/wp\/v2\/types\/post"}],"author":[{"embeddable":true,"href":"https:\/\/www.gaidaphotos.com\/blog\/wp-json\/wp\/v2\/users\/6"}],"replies":[{"embeddable":true,"href":"https:\/\/www.gaidaphotos.com\/blog\/wp-json\/wp\/v2\/comments?post=8170"}],"version-history":[{"count":0,"href":"https:\/\/www.gaidaphotos.com\/blog\/wp-json\/wp\/v2\/posts\/8170\/revisions"}],"wp:featuredmedia":[{"embeddable":true,"href":"https:\/\/www.gaidaphotos.com\/blog\/wp-json\/wp\/v2\/media\/8193"}],"wp:attachment":[{"href":"https:\/\/www.gaidaphotos.com\/blog\/wp-json\/wp\/v2\/media?parent=8170"}],"wp:term":[{"taxonomy":"category","embeddable":true,"href":"https:\/\/www.gaidaphotos.com\/blog\/wp-json\/wp\/v2\/categories?post=8170"},{"taxonomy":"post_tag","embeddable":true,"href":"https:\/\/www.gaidaphotos.com\/blog\/wp-json\/wp\/v2\/tags?post=8170"}],"curies":[{"name":"wp","href":"https:\/\/api.w.org\/{rel}","templated":true}]}}