{"id":90,"date":"2009-02-06T09:00:32","date_gmt":"2009-02-06T07:00:32","guid":{"rendered":"http:\/\/gaidaphotos.com\/blog\/?p=90"},"modified":"2020-09-11T10:33:59","modified_gmt":"2020-09-11T08:33:59","slug":"haben-sie-an-ein-geschenk-fur-ihre-mutter-gedacht","status":"publish","type":"post","link":"https:\/\/www.gaidaphotos.com\/blog\/2009\/02\/06\/haben-sie-an-ein-geschenk-fur-ihre-mutter-gedacht\/","title":{"rendered":"Haben Sie an ein Geschenk f\u00fcr Ihre Mutter gedacht?"},"content":{"rendered":"<p><img data-recalc-dims=\"1\" loading=\"lazy\" decoding=\"async\" class=\"alignright\" title=\"Mutter\" src=\"https:\/\/i0.wp.com\/www.gaidaphotos.com\/bonus\/valentine\/Auf_ewig_dein.jpg?resize=168%2C224&#038;ssl=1\" alt=\"Mutter \" width=\"168\" height=\"224\" \/><\/p>\n<p>Valentinstag ist nicht nur ein Tag f\u00fcr Verliebte sondern f\u00fcr die Liebe und die, die man liebt.<\/p>\n<p>Machen Sie doch auch Ihrer Mutter eine kleine Freude mit einem <strong>Geschenk <\/strong>zum <strong>Valentinstag<\/strong>.<\/p>\n<p><a href=\"http:\/\/www.amazon.de\/gp\/redirect.html?ie=UTF8&amp;location=http%3A%2F%2Fwww.amazon.de%2Fgp%2Fgift-central%3Fie%3DUTF8%26tag%3Dihre%255Fpartner%255Fid-21&amp;site-redirect=de&amp;tag=gaidaphotosco-21&amp;linkCode=ur2&amp;camp=1638&amp;creative=19454\"><strong>Geschenke<\/strong> zum Valentinstag von amazon<\/a>:<\/p>\n<p>Biographien und Erinnerungen, digitale Bilderrahmen, Drama-DVD<br \/>\nund vieles mehr.<\/p>\n<p>Und dazu ein &#8222;<a title=\"&quot;Liebe ist&quot; Spr\u00fcche-Sammlung\" href=\"https:\/\/www.gaidaphotos.com\/liebe-ist\/\" target=\"_blank\" rel=\"noopener noreferrer\">Liebe ist<\/a>&#8220; Spruch und eine Gru\u00dfkarte als Handybild.<\/p>\n<p><a title=\"Liebesgr\u00fcsse\" href=\"https:\/\/www.gaidaphotos.com\/liebe-ist-spruechesammlung\/\"><big>Liebe ist &#8230;<\/big><\/a><br \/>\n<a title=\"Liebesbeweis\" href=\"https:\/\/www.gaidaphotos.com\/sprueche-ueber-die-liebe\/\">Liebesbeweis<\/a><\/p>\n<p style=\"text-align: center;\"><strong>Ich habe dich so lieb \/\/ Ich w\u00fcrde dir ohne Bedenken \/\/<br \/>\nEine Kachel aus meinem Ofen \/\/ Schenken<\/strong><br \/>\n<small>Joachim Ringelnatz, aus Ich habe dich so lieb<\/small><small><\/small> <small> <\/small><\/p>\n","protected":false},"excerpt":{"rendered":"<p>Valentinstag ist nicht nur ein Tag f\u00fcr Verliebte sondern f\u00fcr die Liebe und die, die man liebt. Hier finden Sie Geschenkideen und SMS Liebesgr\u00fcsse<\/p>\n","protected":false},"author":6,"featured_media":0,"comment_status":"closed","ping_status":"open","sticky":false,"template":"","format":"standard","meta":{"_crdt_document":"","ngg_post_thumbnail":0,"jetpack_post_was_ever_published":false,"_jetpack_newsletter_access":"","_jetpack_dont_email_post_to_subs":false,"_jetpack_newsletter_tier_id":0,"_jetpack_memberships_contains_paywalled_content":false,"_jetpack_memberships_contains_paid_content":false,"footnotes":"","jetpack_publicize_message":"","jetpack_publicize_feature_enabled":true,"jetpack_social_post_already_shared":false,"jetpack_social_options":{"image_generator_settings":{"template":"highway","default_image_id":0,"font":"","enabled":false},"version":2}},"categories":[6],"tags":[531],"class_list":["post-90","post","type-post","status-publish","format-standard","hentry","category-liebe","tag-liebe","comments-off"],"yoast_head":"<!-- This site is optimized with the Yoast SEO plugin v27.5 - https:\/\/yoast.com\/product\/yoast-seo-wordpress\/ -->\n<title>Haben Sie an ein Geschenk f\u00fcr Ihre Mutter gedacht? - K\u00f6ln Rodenkirchen und die Welt<\/title>\n<meta name=\"robots\" content=\"index, follow, max-snippet:-1, max-image-preview:large, max-video-preview:-1\" \/>\n<link rel=\"canonical\" href=\"https:\/\/www.gaidaphotos.com\/blog\/2009\/02\/06\/haben-sie-an-ein-geschenk-fur-ihre-mutter-gedacht\/\" \/>\n<meta property=\"og:locale\" content=\"de_DE\" \/>\n<meta property=\"og:type\" content=\"article\" \/>\n<meta property=\"og:title\" content=\"Haben Sie an ein Geschenk f\u00fcr Ihre Mutter gedacht? - K\u00f6ln Rodenkirchen und die Welt\" \/>\n<meta property=\"og:description\" content=\"Valentinstag ist nicht nur ein Tag f\u00fcr Verliebte sondern f\u00fcr die Liebe und die, die man liebt. Hier finden Sie Geschenkideen und SMS Liebesgr\u00fcsse\" \/>\n<meta property=\"og:url\" content=\"https:\/\/www.gaidaphotos.com\/blog\/2009\/02\/06\/haben-sie-an-ein-geschenk-fur-ihre-mutter-gedacht\/\" \/>\n<meta property=\"og:site_name\" content=\"K\u00f6ln Rodenkirchen und die Welt\" \/>\n<meta property=\"article:publisher\" content=\"https:\/\/www.facebook.com\/Koeln.Rodenkirchen\" \/>\n<meta property=\"article:author\" content=\"https:\/\/www.facebook.com\/gaidaphotos\" \/>\n<meta property=\"article:published_time\" content=\"2009-02-06T07:00:32+00:00\" \/>\n<meta property=\"article:modified_time\" content=\"2020-09-11T08:33:59+00:00\" \/>\n<meta property=\"og:image\" content=\"https:\/\/www.gaidaphotos.com\/bonus\/valentine\/Auf_ewig_dein.jpg\" \/>\n<meta name=\"author\" content=\"Thomas\" \/>\n<meta name=\"twitter:card\" content=\"summary_large_image\" \/>\n<meta name=\"twitter:creator\" content=\"@gaidaphotos\" \/>\n<meta name=\"twitter:site\" content=\"@gaidaphotos\" \/>\n<meta name=\"twitter:label1\" content=\"Verfasst von\" \/>\n\t<meta name=\"twitter:data1\" content=\"Thomas\" \/>\n<script type=\"application\/ld+json\" class=\"yoast-schema-graph\">{\"@context\":\"https:\\\/\\\/schema.org\",\"@graph\":[{\"@type\":\"Article\",\"@id\":\"https:\\\/\\\/www.gaidaphotos.com\\\/blog\\\/2009\\\/02\\\/06\\\/haben-sie-an-ein-geschenk-fur-ihre-mutter-gedacht\\\/#article\",\"isPartOf\":{\"@id\":\"https:\\\/\\\/www.gaidaphotos.com\\\/blog\\\/2009\\\/02\\\/06\\\/haben-sie-an-ein-geschenk-fur-ihre-mutter-gedacht\\\/\"},\"author\":{\"name\":\"Thomas\",\"@id\":\"https:\\\/\\\/www.gaidaphotos.com\\\/blog\\\/#\\\/schema\\\/person\\\/6c444a5b13ffc503c5c32f5a9ec68b21\"},\"headline\":\"Haben Sie an ein Geschenk f\u00fcr Ihre Mutter gedacht?\",\"datePublished\":\"2009-02-06T07:00:32+00:00\",\"dateModified\":\"2020-09-11T08:33:59+00:00\",\"mainEntityOfPage\":{\"@id\":\"https:\\\/\\\/www.gaidaphotos.com\\\/blog\\\/2009\\\/02\\\/06\\\/haben-sie-an-ein-geschenk-fur-ihre-mutter-gedacht\\\/\"},\"wordCount\":97,\"publisher\":{\"@id\":\"https:\\\/\\\/www.gaidaphotos.com\\\/blog\\\/#organization\"},\"image\":{\"@id\":\"https:\\\/\\\/www.gaidaphotos.com\\\/blog\\\/2009\\\/02\\\/06\\\/haben-sie-an-ein-geschenk-fur-ihre-mutter-gedacht\\\/#primaryimage\"},\"thumbnailUrl\":\"https:\\\/\\\/www.gaidaphotos.com\\\/bonus\\\/valentine\\\/Auf_ewig_dein.jpg\",\"keywords\":[\"Liebe\"],\"articleSection\":[\"Liebe\"],\"inLanguage\":\"de\"},{\"@type\":\"WebPage\",\"@id\":\"https:\\\/\\\/www.gaidaphotos.com\\\/blog\\\/2009\\\/02\\\/06\\\/haben-sie-an-ein-geschenk-fur-ihre-mutter-gedacht\\\/\",\"url\":\"https:\\\/\\\/www.gaidaphotos.com\\\/blog\\\/2009\\\/02\\\/06\\\/haben-sie-an-ein-geschenk-fur-ihre-mutter-gedacht\\\/\",\"name\":\"Haben Sie an ein Geschenk f\u00fcr Ihre Mutter gedacht? - K\u00f6ln Rodenkirchen und die Welt\",\"isPartOf\":{\"@id\":\"https:\\\/\\\/www.gaidaphotos.com\\\/blog\\\/#website\"},\"primaryImageOfPage\":{\"@id\":\"https:\\\/\\\/www.gaidaphotos.com\\\/blog\\\/2009\\\/02\\\/06\\\/haben-sie-an-ein-geschenk-fur-ihre-mutter-gedacht\\\/#primaryimage\"},\"image\":{\"@id\":\"https:\\\/\\\/www.gaidaphotos.com\\\/blog\\\/2009\\\/02\\\/06\\\/haben-sie-an-ein-geschenk-fur-ihre-mutter-gedacht\\\/#primaryimage\"},\"thumbnailUrl\":\"https:\\\/\\\/www.gaidaphotos.com\\\/bonus\\\/valentine\\\/Auf_ewig_dein.jpg\",\"datePublished\":\"2009-02-06T07:00:32+00:00\",\"dateModified\":\"2020-09-11T08:33:59+00:00\",\"breadcrumb\":{\"@id\":\"https:\\\/\\\/www.gaidaphotos.com\\\/blog\\\/2009\\\/02\\\/06\\\/haben-sie-an-ein-geschenk-fur-ihre-mutter-gedacht\\\/#breadcrumb\"},\"inLanguage\":\"de\",\"potentialAction\":[{\"@type\":\"ReadAction\",\"target\":[\"https:\\\/\\\/www.gaidaphotos.com\\\/blog\\\/2009\\\/02\\\/06\\\/haben-sie-an-ein-geschenk-fur-ihre-mutter-gedacht\\\/\"]}]},{\"@type\":\"ImageObject\",\"inLanguage\":\"de\",\"@id\":\"https:\\\/\\\/www.gaidaphotos.com\\\/blog\\\/2009\\\/02\\\/06\\\/haben-sie-an-ein-geschenk-fur-ihre-mutter-gedacht\\\/#primaryimage\",\"url\":\"https:\\\/\\\/www.gaidaphotos.com\\\/bonus\\\/valentine\\\/Auf_ewig_dein.jpg\",\"contentUrl\":\"https:\\\/\\\/www.gaidaphotos.com\\\/bonus\\\/valentine\\\/Auf_ewig_dein.jpg\"},{\"@type\":\"BreadcrumbList\",\"@id\":\"https:\\\/\\\/www.gaidaphotos.com\\\/blog\\\/2009\\\/02\\\/06\\\/haben-sie-an-ein-geschenk-fur-ihre-mutter-gedacht\\\/#breadcrumb\",\"itemListElement\":[{\"@type\":\"ListItem\",\"position\":1,\"name\":\"Startseite\",\"item\":\"https:\\\/\\\/www.gaidaphotos.com\\\/blog\\\/\"},{\"@type\":\"ListItem\",\"position\":2,\"name\":\"Haben Sie an ein Geschenk f\u00fcr Ihre Mutter gedacht?\"}]},{\"@type\":\"WebSite\",\"@id\":\"https:\\\/\\\/www.gaidaphotos.com\\\/blog\\\/#website\",\"url\":\"https:\\\/\\\/www.gaidaphotos.com\\\/blog\\\/\",\"name\":\"K\u00f6ln Rodenkirchen und die Welt\",\"description\":\"Einkaufen, Restaurants, Freizeit, Nachrichten und was uns sonst bewegt und begegnet\",\"publisher\":{\"@id\":\"https:\\\/\\\/www.gaidaphotos.com\\\/blog\\\/#organization\"},\"potentialAction\":[{\"@type\":\"SearchAction\",\"target\":{\"@type\":\"EntryPoint\",\"urlTemplate\":\"https:\\\/\\\/www.gaidaphotos.com\\\/blog\\\/?s={search_term_string}\"},\"query-input\":{\"@type\":\"PropertyValueSpecification\",\"valueRequired\":true,\"valueName\":\"search_term_string\"}}],\"inLanguage\":\"de\"},{\"@type\":\"Organization\",\"@id\":\"https:\\\/\\\/www.gaidaphotos.com\\\/blog\\\/#organization\",\"name\":\"gaidaphotos\",\"url\":\"https:\\\/\\\/www.gaidaphotos.com\\\/blog\\\/\",\"logo\":{\"@type\":\"ImageObject\",\"inLanguage\":\"de\",\"@id\":\"https:\\\/\\\/www.gaidaphotos.com\\\/blog\\\/#\\\/schema\\\/logo\\\/image\\\/\",\"url\":\"https:\\\/\\\/i0.wp.com\\\/www.gaidaphotos.com\\\/blog\\\/wp-content\\\/uploads\\\/2020\\\/07\\\/GAIDAPHOTOS-COM.jpg?fit=160%2C96&ssl=1\",\"contentUrl\":\"https:\\\/\\\/i0.wp.com\\\/www.gaidaphotos.com\\\/blog\\\/wp-content\\\/uploads\\\/2020\\\/07\\\/GAIDAPHOTOS-COM.jpg?fit=160%2C96&ssl=1\",\"width\":160,\"height\":96,\"caption\":\"gaidaphotos\"},\"image\":{\"@id\":\"https:\\\/\\\/www.gaidaphotos.com\\\/blog\\\/#\\\/schema\\\/logo\\\/image\\\/\"},\"sameAs\":[\"https:\\\/\\\/www.facebook.com\\\/Koeln.Rodenkirchen\",\"https:\\\/\\\/x.com\\\/gaidaphotos\",\"https:\\\/\\\/instagram.com\\\/gaidaphotos\\\/\",\"https:\\\/\\\/de.linkedin.com\\\/in\\\/gaidaphotos\",\"https:\\\/\\\/myspace.com\\\/gaidaphotos\",\"https:\\\/\\\/www.pinterest.com\\\/gaidaphotos\\\/\",\"https:\\\/\\\/www.youtube.com\\\/user\\\/gaidaphotos\"]},{\"@type\":\"Person\",\"@id\":\"https:\\\/\\\/www.gaidaphotos.com\\\/blog\\\/#\\\/schema\\\/person\\\/6c444a5b13ffc503c5c32f5a9ec68b21\",\"name\":\"Thomas\",\"sameAs\":[\"https:\\\/\\\/www.gaidaphotos.com\",\"https:\\\/\\\/www.facebook.com\\\/gaidaphotos\",\"https:\\\/\\\/instagram.com\\\/gaidaphotos\\\/\",\"https:\\\/\\\/www.linkedin.com\\\/in\\\/gaidaphotos\",\"http:\\\/\\\/www.pinterest.com\\\/gaidaphotos\\\/\",\"https:\\\/\\\/x.com\\\/gaidaphotos\",\"https:\\\/\\\/myspace.com\\\/gaidaphotos\",\"https:\\\/\\\/www.youtube.com\\\/user\\\/gaidaphotos\",\"https:\\\/\\\/gaidaphotos.tumblr.com\\\/\"]}]}<\/script>\n<!-- \/ Yoast SEO plugin. -->","yoast_head_json":{"title":"Haben Sie an ein Geschenk f\u00fcr Ihre Mutter gedacht? - K\u00f6ln Rodenkirchen und die Welt","robots":{"index":"index","follow":"follow","max-snippet":"max-snippet:-1","max-image-preview":"max-image-preview:large","max-video-preview":"max-video-preview:-1"},"canonical":"https:\/\/www.gaidaphotos.com\/blog\/2009\/02\/06\/haben-sie-an-ein-geschenk-fur-ihre-mutter-gedacht\/","og_locale":"de_DE","og_type":"article","og_title":"Haben Sie an ein Geschenk f\u00fcr Ihre Mutter gedacht? - K\u00f6ln Rodenkirchen und die Welt","og_description":"Valentinstag ist nicht nur ein Tag f\u00fcr Verliebte sondern f\u00fcr die Liebe und die, die man liebt. Hier finden Sie Geschenkideen und SMS Liebesgr\u00fcsse","og_url":"https:\/\/www.gaidaphotos.com\/blog\/2009\/02\/06\/haben-sie-an-ein-geschenk-fur-ihre-mutter-gedacht\/","og_site_name":"K\u00f6ln Rodenkirchen und die Welt","article_publisher":"https:\/\/www.facebook.com\/Koeln.Rodenkirchen","article_author":"https:\/\/www.facebook.com\/gaidaphotos","article_published_time":"2009-02-06T07:00:32+00:00","article_modified_time":"2020-09-11T08:33:59+00:00","og_image":[{"url":"https:\/\/www.gaidaphotos.com\/bonus\/valentine\/Auf_ewig_dein.jpg","type":"","width":"","height":""}],"author":"Thomas","twitter_card":"summary_large_image","twitter_creator":"@gaidaphotos","twitter_site":"@gaidaphotos","twitter_misc":{"Verfasst von":"Thomas"},"schema":{"@context":"https:\/\/schema.org","@graph":[{"@type":"Article","@id":"https:\/\/www.gaidaphotos.com\/blog\/2009\/02\/06\/haben-sie-an-ein-geschenk-fur-ihre-mutter-gedacht\/#article","isPartOf":{"@id":"https:\/\/www.gaidaphotos.com\/blog\/2009\/02\/06\/haben-sie-an-ein-geschenk-fur-ihre-mutter-gedacht\/"},"author":{"name":"Thomas","@id":"https:\/\/www.gaidaphotos.com\/blog\/#\/schema\/person\/6c444a5b13ffc503c5c32f5a9ec68b21"},"headline":"Haben Sie an ein Geschenk f\u00fcr Ihre Mutter gedacht?","datePublished":"2009-02-06T07:00:32+00:00","dateModified":"2020-09-11T08:33:59+00:00","mainEntityOfPage":{"@id":"https:\/\/www.gaidaphotos.com\/blog\/2009\/02\/06\/haben-sie-an-ein-geschenk-fur-ihre-mutter-gedacht\/"},"wordCount":97,"publisher":{"@id":"https:\/\/www.gaidaphotos.com\/blog\/#organization"},"image":{"@id":"https:\/\/www.gaidaphotos.com\/blog\/2009\/02\/06\/haben-sie-an-ein-geschenk-fur-ihre-mutter-gedacht\/#primaryimage"},"thumbnailUrl":"https:\/\/www.gaidaphotos.com\/bonus\/valentine\/Auf_ewig_dein.jpg","keywords":["Liebe"],"articleSection":["Liebe"],"inLanguage":"de"},{"@type":"WebPage","@id":"https:\/\/www.gaidaphotos.com\/blog\/2009\/02\/06\/haben-sie-an-ein-geschenk-fur-ihre-mutter-gedacht\/","url":"https:\/\/www.gaidaphotos.com\/blog\/2009\/02\/06\/haben-sie-an-ein-geschenk-fur-ihre-mutter-gedacht\/","name":"Haben Sie an ein Geschenk f\u00fcr Ihre Mutter gedacht? - K\u00f6ln Rodenkirchen und die Welt","isPartOf":{"@id":"https:\/\/www.gaidaphotos.com\/blog\/#website"},"primaryImageOfPage":{"@id":"https:\/\/www.gaidaphotos.com\/blog\/2009\/02\/06\/haben-sie-an-ein-geschenk-fur-ihre-mutter-gedacht\/#primaryimage"},"image":{"@id":"https:\/\/www.gaidaphotos.com\/blog\/2009\/02\/06\/haben-sie-an-ein-geschenk-fur-ihre-mutter-gedacht\/#primaryimage"},"thumbnailUrl":"https:\/\/www.gaidaphotos.com\/bonus\/valentine\/Auf_ewig_dein.jpg","datePublished":"2009-02-06T07:00:32+00:00","dateModified":"2020-09-11T08:33:59+00:00","breadcrumb":{"@id":"https:\/\/www.gaidaphotos.com\/blog\/2009\/02\/06\/haben-sie-an-ein-geschenk-fur-ihre-mutter-gedacht\/#breadcrumb"},"inLanguage":"de","potentialAction":[{"@type":"ReadAction","target":["https:\/\/www.gaidaphotos.com\/blog\/2009\/02\/06\/haben-sie-an-ein-geschenk-fur-ihre-mutter-gedacht\/"]}]},{"@type":"ImageObject","inLanguage":"de","@id":"https:\/\/www.gaidaphotos.com\/blog\/2009\/02\/06\/haben-sie-an-ein-geschenk-fur-ihre-mutter-gedacht\/#primaryimage","url":"https:\/\/www.gaidaphotos.com\/bonus\/valentine\/Auf_ewig_dein.jpg","contentUrl":"https:\/\/www.gaidaphotos.com\/bonus\/valentine\/Auf_ewig_dein.jpg"},{"@type":"BreadcrumbList","@id":"https:\/\/www.gaidaphotos.com\/blog\/2009\/02\/06\/haben-sie-an-ein-geschenk-fur-ihre-mutter-gedacht\/#breadcrumb","itemListElement":[{"@type":"ListItem","position":1,"name":"Startseite","item":"https:\/\/www.gaidaphotos.com\/blog\/"},{"@type":"ListItem","position":2,"name":"Haben Sie an ein Geschenk f\u00fcr Ihre Mutter gedacht?"}]},{"@type":"WebSite","@id":"https:\/\/www.gaidaphotos.com\/blog\/#website","url":"https:\/\/www.gaidaphotos.com\/blog\/","name":"K\u00f6ln Rodenkirchen und die Welt","description":"Einkaufen, Restaurants, Freizeit, Nachrichten und was uns sonst bewegt und begegnet","publisher":{"@id":"https:\/\/www.gaidaphotos.com\/blog\/#organization"},"potentialAction":[{"@type":"SearchAction","target":{"@type":"EntryPoint","urlTemplate":"https:\/\/www.gaidaphotos.com\/blog\/?s={search_term_string}"},"query-input":{"@type":"PropertyValueSpecification","valueRequired":true,"valueName":"search_term_string"}}],"inLanguage":"de"},{"@type":"Organization","@id":"https:\/\/www.gaidaphotos.com\/blog\/#organization","name":"gaidaphotos","url":"https:\/\/www.gaidaphotos.com\/blog\/","logo":{"@type":"ImageObject","inLanguage":"de","@id":"https:\/\/www.gaidaphotos.com\/blog\/#\/schema\/logo\/image\/","url":"https:\/\/i0.wp.com\/www.gaidaphotos.com\/blog\/wp-content\/uploads\/2020\/07\/GAIDAPHOTOS-COM.jpg?fit=160%2C96&ssl=1","contentUrl":"https:\/\/i0.wp.com\/www.gaidaphotos.com\/blog\/wp-content\/uploads\/2020\/07\/GAIDAPHOTOS-COM.jpg?fit=160%2C96&ssl=1","width":160,"height":96,"caption":"gaidaphotos"},"image":{"@id":"https:\/\/www.gaidaphotos.com\/blog\/#\/schema\/logo\/image\/"},"sameAs":["https:\/\/www.facebook.com\/Koeln.Rodenkirchen","https:\/\/x.com\/gaidaphotos","https:\/\/instagram.com\/gaidaphotos\/","https:\/\/de.linkedin.com\/in\/gaidaphotos","https:\/\/myspace.com\/gaidaphotos","https:\/\/www.pinterest.com\/gaidaphotos\/","https:\/\/www.youtube.com\/user\/gaidaphotos"]},{"@type":"Person","@id":"https:\/\/www.gaidaphotos.com\/blog\/#\/schema\/person\/6c444a5b13ffc503c5c32f5a9ec68b21","name":"Thomas","sameAs":["https:\/\/www.gaidaphotos.com","https:\/\/www.facebook.com\/gaidaphotos","https:\/\/instagram.com\/gaidaphotos\/","https:\/\/www.linkedin.com\/in\/gaidaphotos","http:\/\/www.pinterest.com\/gaidaphotos\/","https:\/\/x.com\/gaidaphotos","https:\/\/myspace.com\/gaidaphotos","https:\/\/www.youtube.com\/user\/gaidaphotos","https:\/\/gaidaphotos.tumblr.com\/"]}]}},"jetpack_publicize_connections":[],"jetpack_featured_media_url":"","jetpack_sharing_enabled":true,"jetpack_likes_enabled":true,"jetpack-related-posts":[{"id":85,"url":"https:\/\/www.gaidaphotos.com\/blog\/2009\/02\/04\/tag-der-liebe\/","url_meta":{"origin":90,"position":0},"title":"Noch 11 mal Aufwachen bis zum Tag der Liebe","author":"Thomas","date":"4. Februar 2009","format":false,"excerpt":"Jetzt wird es Zeit, ein Geschenk f\u00fcr die Liebste zum Valentinstag auszusuchen! Hier k\u00f6nnen Sie noch rechtzeitig bestellen: Geschenke zum Valentinstag von amazon: Schmuck, Handtaschen bis zu 30% reduziert, romantische Kom\u00f6dien auf DVD, liebevolle Geschenkb\u00fccher, Parf\u00fcm, Bettw\u00e4sche f\u00fcr Verliebte und vieles mehr. Und dazu ein \"Liebe ist\" Spruch und eine\u2026","rel":"","context":"In &quot;Liebe&quot;","block_context":{"text":"Liebe","link":"https:\/\/www.gaidaphotos.com\/blog\/category\/festtage-feiertage\/liebe\/"},"img":{"alt_text":"sch\u00f6nste Liebesspr\u00fcche, Liebesbeweis, Liebeserkl\u00e4rung, Liebe ist","src":"https:\/\/i0.wp.com\/www.gaidaphotos.com\/bonus\/valentine\/sms\/herz_holz_rot.jpg?resize=350%2C200&ssl=1","width":350,"height":200},"classes":[]},{"id":2441,"url":"https:\/\/www.gaidaphotos.com\/blog\/2010\/02\/08\/valentinstag-jetzt-wirds-aber-hochste-eisenbahn\/","url_meta":{"origin":90,"position":1},"title":"Valentinstag: Jetzt wird&#8217;s aber h\u00f6chste Eisenbahn","author":"Thomas","date":"8. Februar 2010","format":false,"excerpt":"Valentinstag in nur 6 Tagen! Alle Verliebten und Verheireteten (falls da ein Unterschied sein sollte) aufgepa\u00dft, es bleiben nur noch 5 Tage zum Shoppen f\u00fcr den\/die Liebste\/n. Am Sonntag, 14.02.2010, ist n\u00e4mlich schon Valentinstag. Alle die ein sch\u00f6nes Geschenk vergessen haben k\u00f6nnen Ihre Lage noch deutlich mit einer Liebeserkl\u00e4rung f\u00fcr's\u2026","rel":"","context":"In &quot;Liebe&quot;","block_context":{"text":"Liebe","link":"https:\/\/www.gaidaphotos.com\/blog\/category\/festtage-feiertage\/liebe\/"},"img":{"alt_text":"grusskarte ich liebe Dich","src":"https:\/\/i0.wp.com\/www.gaidaphotos.com\/blog\/wp-content\/uploads\/2010\/02\/grusskarten-ich-liebe-dich-199x300.jpg?resize=350%2C200&ssl=1","width":350,"height":200},"classes":[]},{"id":64,"url":"https:\/\/www.gaidaphotos.com\/blog\/2009\/01\/26\/lifeblog-inhalt\/","url_meta":{"origin":90,"position":2},"title":"Mit Liebe aufwachen?","author":"Thomas","date":"26. Januar 2009","format":false,"excerpt":"Wer m\u00f6chte nicht mit diesem Blick aufwachen? Nicht vergessen, bald ist VALENTINSTAG! Coole Spr\u00fcche, besinnliche Gedanken, Weisheiten, kluge Zitate zum Thema \"Liebe, verliebt, Valentinstag, Valentin findet Ihr unter https:\/\/www.gaidaphotos.com\/sprueche-gedichte-zur-hochzeit.html Am 14. Februar ist Valentinstag! Kostenlose Liebesbriefe verschicken und Geschenk bestellen! unsere Empfehlungen (externe Links): Zum Valentinstag: Liebesbrief, Liebeserkl\u00e4rung, Liebesbeweis kostenlose\u2026","rel":"","context":"In &quot;17&quot;","block_context":{"text":"17","link":"https:\/\/www.gaidaphotos.com\/blog\/category\/mobile_news_von_unterwegs\/mobile_news_von_unterwegs-n95\/"},"img":{"alt_text":"Mo 26.01.2009 10:03 26012009042","src":"https:\/\/i0.wp.com\/www.gaidaphotos.com\/blog\/wp-content\/uploads\/lifeblog-26012009042.jpg?resize=350%2C200&ssl=1","width":350,"height":200},"classes":[]},{"id":94,"url":"https:\/\/www.gaidaphotos.com\/blog\/2009\/02\/07\/liebeskummer\/","url_meta":{"origin":90,"position":3},"title":"Liebeskummer?","author":"Thomas","date":"7. Februar 2009","format":false,"excerpt":"Liebeskummer am Tag der Liebende-n? Alles falsch gemacht und die A-Karte gezogen? Vielleicht reicht ein Geschenke zum Valentinstag von amazon um Ihre Liebe zu retten.","rel":"","context":"In &quot;Liebe&quot;","block_context":{"text":"Liebe","link":"https:\/\/www.gaidaphotos.com\/blog\/category\/festtage-feiertage\/liebe\/"},"img":{"alt_text":"Grusskarte Ich Liebe Dich zum Valentinstag","src":"https:\/\/i0.wp.com\/www.gaidaphotos.com\/blog\/wp-content\/uploads\/2010\/02\/grusskarte-ich-liebe-dich.jpg?fit=800%2C1200&ssl=1&resize=350%2C200","width":350,"height":200,"srcset":"https:\/\/i0.wp.com\/www.gaidaphotos.com\/blog\/wp-content\/uploads\/2010\/02\/grusskarte-ich-liebe-dich.jpg?fit=800%2C1200&ssl=1&resize=350%2C200 1x, https:\/\/i0.wp.com\/www.gaidaphotos.com\/blog\/wp-content\/uploads\/2010\/02\/grusskarte-ich-liebe-dich.jpg?fit=800%2C1200&ssl=1&resize=525%2C300 1.5x, https:\/\/i0.wp.com\/www.gaidaphotos.com\/blog\/wp-content\/uploads\/2010\/02\/grusskarte-ich-liebe-dich.jpg?fit=800%2C1200&ssl=1&resize=700%2C400 2x"},"classes":[]},{"id":2393,"url":"https:\/\/www.gaidaphotos.com\/blog\/2010\/01\/27\/zum-valentinstag-grusskarten-liebe\/","url_meta":{"origin":90,"position":4},"title":"Zum Valentinstag: Grusskarten f\u00fcr die Liebe","author":"Thomas","date":"27. Januar 2010","format":false,"excerpt":"In 18 Tagen ist Valentinstag! Denken Sie schon jetzt an Ihre\/Ihren Liebste\/Liebsten und verschicken Sie Grusskarten f\u00fcr die Liebe: Hier finden Sie: Sch\u00f6ne und lustige Spr\u00fcche f\u00fcr die Liebe, Hochzeit, Ehe Grusskarten f\u00fcr die Liebe Am 14. Februar ist Valentinstag! Kostenlose Liebesbriefe verschicken und Geschenk bestellen! unsere Empfehlungen (externe Links):\u2026","rel":"","context":"In &quot;Liebe&quot;","block_context":{"text":"Liebe","link":"https:\/\/www.gaidaphotos.com\/blog\/category\/festtage-feiertage\/liebe\/"},"img":{"alt_text":"Valentinstag Grusskarten Liebe","src":"https:\/\/i0.wp.com\/www.gaidaphotos.com\/blog\/wp-content\/uploads\/2010\/01\/grusskarten-liebe-200x300.jpg?resize=350%2C200&ssl=1","width":350,"height":200},"classes":[]},{"id":87,"url":"https:\/\/www.gaidaphotos.com\/blog\/2009\/02\/05\/liebster-geschenk\/","url_meta":{"origin":90,"position":5},"title":"Ihr Liebster braucht bald ein Geschenk!","author":"Thomas","date":"5. Februar 2009","format":false,"excerpt":"Auch Ihr Liebster freut sich \u00fcber ein Geschenk zum Valentinstag. Geschenke zum Valentinstag von amazon: Sport und Outdoor, Uhren, DVD-Gro\u00dfboxen, B\u00fccher f\u00fcr M\u00e4nner, Spiele rund um Liebe und Partnerschaft und vieles mehr. Und dazu ein \"Liebe ist\" Spruch und eine Gru\u00dfkarte als Handybild. Liebe ist ... Liebesbeweis T\u00f6ne, frohe Leier,\u2026","rel":"","context":"In &quot;Liebe&quot;","block_context":{"text":"Liebe","link":"https:\/\/www.gaidaphotos.com\/blog\/category\/festtage-feiertage\/liebe\/"},"img":{"alt_text":"Liebster Geschenk","src":"https:\/\/i0.wp.com\/www.gaidaphotos.com\/bonus\/valentine\/Kino.jpg?resize=350%2C200&ssl=1","width":350,"height":200},"classes":[]}],"_links":{"self":[{"href":"https:\/\/www.gaidaphotos.com\/blog\/wp-json\/wp\/v2\/posts\/90","targetHints":{"allow":["GET"]}}],"collection":[{"href":"https:\/\/www.gaidaphotos.com\/blog\/wp-json\/wp\/v2\/posts"}],"about":[{"href":"https:\/\/www.gaidaphotos.com\/blog\/wp-json\/wp\/v2\/types\/post"}],"author":[{"embeddable":true,"href":"https:\/\/www.gaidaphotos.com\/blog\/wp-json\/wp\/v2\/users\/6"}],"replies":[{"embeddable":true,"href":"https:\/\/www.gaidaphotos.com\/blog\/wp-json\/wp\/v2\/comments?post=90"}],"version-history":[{"count":0,"href":"https:\/\/www.gaidaphotos.com\/blog\/wp-json\/wp\/v2\/posts\/90\/revisions"}],"wp:attachment":[{"href":"https:\/\/www.gaidaphotos.com\/blog\/wp-json\/wp\/v2\/media?parent=90"}],"wp:term":[{"taxonomy":"category","embeddable":true,"href":"https:\/\/www.gaidaphotos.com\/blog\/wp-json\/wp\/v2\/categories?post=90"},{"taxonomy":"post_tag","embeddable":true,"href":"https:\/\/www.gaidaphotos.com\/blog\/wp-json\/wp\/v2\/tags?post=90"}],"curies":[{"name":"wp","href":"https:\/\/api.w.org\/{rel}","templated":true}]}}