{"id":9133,"date":"2015-12-02T15:35:34","date_gmt":"2015-12-02T14:35:34","guid":{"rendered":"http:\/\/www.gaidaphotos.com\/blog\/?p=9133"},"modified":"2015-12-02T20:41:45","modified_gmt":"2015-12-02T19:41:45","slug":"weihnachtsbaumverkauf-in-rodenkirchen-2015","status":"publish","type":"post","link":"https:\/\/www.gaidaphotos.com\/blog\/2015\/12\/02\/weihnachtsbaumverkauf-in-rodenkirchen-2015\/","title":{"rendered":"Weihnachtsbaumverkauf in Rodenkirchen 2015"},"content":{"rendered":"<h2>Weihnachtsbaum kaufen und Gutes tun<br \/>\nwohlt\u00e4tiger Weihnachtsbaumverkauf in Rodenkirchen 2015<\/h2>\n<p><figure style=\"width: 255px\" class=\"wp-caption alignleft\"><a alt=\"Weihnachtskugeln, Christbaumkugeln rot gold mit Engel\" href=\"https:\/\/i0.wp.com\/www.gaidaphotos.com\/blog\/wp-content\/gallery\/fotos\/weihnachtskugel-08.jpg?ssl=1\" title='Weihnachtskugeln, Christbaumkugeln rot gold mit Engel'><img data-recalc-dims=\"1\" src=\"https:\/\/i0.wp.com\/www.gaidaphotos.com\/blog\/wp-content\/gallery\/fotos\/thumbs\/thumbs_weihnachtskugel-08.jpg?w=910&#038;ssl=1\" alt='Weihnachtskugeln, Christbaumkugeln rot gold mit Engel' align='center' \/><\/a><figcaption class=\"wp-caption-text\">Frohe Weihnachten<\/figcaption><\/figure><br \/>\nIm Dezember k\u00f6nnen Sie wieder in Rodenkirchen g\u00fcnstig einen <strong>Weihnachtsbaum <\/strong>erwerben und gleichzeitig einen guten Zweck unterst\u00fctzen. Am 12.\/13.12.15 <strong>verkaufen <\/strong>der <strong>Lions Club<\/strong> und am 18.\/19.\/20.12.15 die <strong>Jugendfeuerwehr<\/strong> <strong>Christb\u00e4ume<\/strong>.<\/p>\n<p>Zu Weihnachten geh\u00f6rt ein <strong>Weihnachtsbaum<\/strong>. Seit der Prinzregent im Deutsch-Franz\u00f6sischen Krieg von 1870\/71 Weihnachtsb\u00e4ume in Unterk\u00fcnften und Lazaretten aufstellen lie\u00df, ist ein <strong>geschm\u00fcckter Tannenbaum am Weihnachtsabend<\/strong> Brauch bei den meisten deutschen Familien.<br \/>\nDer Schmuck am Baum, mit oder ohne <strong>Lametta<\/strong>, <strong>Kugeln <\/strong>oder <strong>\u00c4pfel, N\u00fcsse oder S\u00fc\u00dfigkeiten<\/strong>, echte <strong>Kerzen <\/strong>oder LEDs mit Fernbedienung, ist dem eigenen Geschmack und Modetrends \u00fcberlassen.<\/p>\n<p>Der Baum sollte <strong>gerade und m\u00f6glichst gleichm\u00e4\u00dfig gewachsen<\/strong> sein. Zu schnell wachsende B\u00e4ume haben im oberen Teil oft nicht ausreichend Zweige und der Baum sieht aus wie gerupft. Bedenken Sie bei der <strong>H\u00f6he<\/strong>, dass Sie die <strong>Baumspitze <\/strong>mit einem Stern oder einer funkelnden Spitze dekorieren sollten. Lassen Sie ausreichend Raum zur Decke. Bei gro\u00dfen B\u00e4umen sollten Sie darauf achten, dass der Stamm auch in den Standfuss passt.<br \/>\nHolen Sie den Baum erst am Tag des Schm\u00fcckens in die Wohnung und f\u00fcllen Sie den Fu\u00df mit Wasser. So bleibt der Baum l\u00e4nger frisch.<\/p>\n<p><strong>Echte oder elektrische Kerzen?<\/strong> Die Frage trennt nicht nur Generationen und Geschlechter. Echte Kerzen stellen ein hohes Sicherheitsrisiko dar und d\u00fcrfen auf keinen Fall unbeaufsichtigt brennen. Elektrische Kerzen, besonders LED Kerzen mit geringem Stromverbrauch k\u00f6nnen Sie den ganzen Tag\/Abend brennen lassen. Haushalte mit Kleinkindern und\/oder frei laufenden Haustieren sollten auf echte Kerzen verzichten.<br \/>\nDenken Sie auch daran, dass der Baum mit der Zeit austrocknet und das Brandrisiko dann besonders gro\u00df ist.<\/p>\n<p><strong>Rodenkirchen <\/strong>kann in diesem Jahr gleich an zwei Wochenenden <strong>g\u00fcnstig einen Weihnachtsbaum kaufen<\/strong> und dabei etwas Gutes tun. Die Erl\u00f6se des Verkaufs gehen jeweils einem guten Zweck zu.<\/p>\n<p><?php include(\"wp-content\/include\/weihnachtskarten.php\"); ?><\/p>\n<h3>Weihnachtsbaumverkauf des Lions-Hilfswerkes K\u00f6ln-Hanse e.V. am 12.-13.12.15<\/h3>\n<p>Der Lions Club verkauft auch in diesem Jahr wieder <strong>frisch geschlagene Weihnachtsb\u00e4ume<\/strong> in bester Qualit\u00e4t und verschiedenen Gr\u00f6\u00dfen zu fairen Preisen. Warme Getr\u00e4nke und etwas gegen den kleinen Hunger stehen ebenfalls f\u00fcr sie bereit. Der Erl\u00f6s geht an den <strong>F\u00f6rderverein Finkens Garten und die K\u00f6lner Frauenh\u00e4user<\/strong>.<\/p>\n<p>Es wird um Spenden gebeten f\u00fcr den Verein der Freunde und F\u00f6rderer des Naturerlebnisgartens.<\/p>\n<ul>\nSamstag, 12.12.15<br \/>\nSonntag, 13.12.15<br \/>\njeweils von 10:00 &#8211; 17:00 Uhr<\/p>\n<p>Finkens Garten, Friedrich-Ebert-Stra\u00dfe 49, 50996 K\u00f6ln\n<\/ul>\n<p>Die Parkm\u00f6glichkeiten sind sehr eingeschr\u00e4nkt.<\/p>\n<h3>Weihnachtsbaumverkauf der Jugendfeuerwehr am 18.-20.12.15<\/h3>\n<p>Auch die <strong>freiwillige Jugendfeuerweh<\/strong>r Rodenkirchen verkauft wie in jedem Jahr frisch geschlagene<strong> Weihnachtsb\u00e4ume zu g\u00fcnstigen Preisen<\/strong>. Der Andrang hier ist immer besonders gro\u00df und fr\u00fches Erscheinen ist empfehlenswert. Auch hier werden warme Getr\u00e4nke und St\u00e4rkung angeboten.<\/p>\n<ul>\nFreitag, 18.12.15 von 15:30 &#8211; 19:00 Uhr<br \/>\nSamstag, 19.12.15 von 08:00 &#8211; 18:00 Uhr<br \/>\nSonntag, 20.12.15 ab 11:00 Uhr solange der Vorrat reicht<\/p>\n<p>Feuerwache, Schillingsrotter Str. 36, 50996 K\u00f6ln-Rodenkirchen\n<\/ul>\n<p>Gegen einen kleinen Kostenbeitrag wird Ihnen der Baum am Samstag oder am Sonntag nach Hause gebracht.<\/p>\n<p>Parken k\u00f6nnen Sie auf dem benachbarten P+R Parkplatz oder in der Tiefgarage Maternusplatz, Einfahrt Ecke Schillingsrotter Str.\/Nibelungenweg. Fu\u00dfweg ca. 5 Minuten.<\/p>\n<h3>Weihnachtsbaumverkauf auf dem Maternusplatz am 04.-06.12.15<\/h3>\n<p>W\u00e4hrend des <strong><a href=\"https:\/\/www.gaidaphotos.com\/blog\/2015\/11\/24\/rodenkirchener-winterzauber-und-verkaufsoffener-sonntag\/\">Rodenkirchener Winterzauber<\/a><\/strong> werden ebenfalls Weihnachtsb\u00e4ume verkauft.<\/p>\n<ul>Donnerstag, Freitag 14.00 bis 21.00 Uhr<br \/>\nSamstag 12.00 bis 21.00 Uhr<br \/>\nSonntag 12.00 bis 19.00 Uhr<\/p>\n<p>Maternusplatz, 50996 K\u00f6ln-Rodenkirchen\n<\/ul>\n<p><?php include(\"wp-content\/include\/weihnachten.php\"); ?><br \/>\n<?php include(\"wp-content\/include\/weihnachten-2.php\"); ?><\/p>\n","protected":false},"excerpt":{"rendered":"<p>Weihnachtsbaum kaufen und Gutes tun wohlt\u00e4tiger Weihnachtsbaumverkauf in Rodenkirchen 2015 Im Dezember k\u00f6nnen Sie wieder in Rodenkirchen g\u00fcnstig einen Weihnachtsbaum<\/p>\n","protected":false},"author":6,"featured_media":9136,"comment_status":"open","ping_status":"open","sticky":false,"template":"","format":"standard","meta":{"_crdt_document":"","ngg_post_thumbnail":0,"jetpack_post_was_ever_published":false,"_jetpack_newsletter_access":"","_jetpack_dont_email_post_to_subs":false,"_jetpack_newsletter_tier_id":0,"_jetpack_memberships_contains_paywalled_content":false,"_jetpack_memberships_contains_paid_content":false,"footnotes":"","jetpack_publicize_message":"","jetpack_publicize_feature_enabled":true,"jetpack_social_post_already_shared":false,"jetpack_social_options":{"image_generator_settings":{"template":"highway","default_image_id":0,"font":"","enabled":false},"version":2}},"categories":[89,10],"tags":[108,538,536],"class_list":["post-9133","post","type-post","status-publish","format-standard","has-post-thumbnail","hentry","category-koeln-rodenkirchen-einkaufen","category-weihnachten","tag-einkaufen","tag-koeln-rodenkirchen","tag-weihnachten"],"yoast_head":"<!-- This site is optimized with the Yoast SEO plugin v27.5 - https:\/\/yoast.com\/product\/yoast-seo-wordpress\/ -->\n<title>Weihnachtsbaumverkauf in Rodenkirchen 2015 - K\u00f6ln Rodenkirchen und die Welt<\/title>\n<meta name=\"description\" content=\"Weihnachtsbaum kaufen und Gutes tun - Weihnachtsbaumverkauf in Rodenkirchen 2015; 4.-6. Winterzauber, 12.\/13. Lions Club; 18.-20. Jugendfeuerwehr - Infos\" \/>\n<meta name=\"robots\" content=\"index, follow, max-snippet:-1, max-image-preview:large, max-video-preview:-1\" \/>\n<link rel=\"canonical\" href=\"https:\/\/www.gaidaphotos.com\/blog\/2015\/12\/02\/weihnachtsbaumverkauf-in-rodenkirchen-2015\/\" \/>\n<meta property=\"og:locale\" content=\"de_DE\" \/>\n<meta property=\"og:type\" content=\"article\" \/>\n<meta property=\"og:title\" content=\"Weihnachtsbaumverkauf in Rodenkirchen 2015 - K\u00f6ln Rodenkirchen und die Welt\" \/>\n<meta property=\"og:description\" content=\"Weihnachtsbaum kaufen und Gutes tun - Weihnachtsbaumverkauf in Rodenkirchen 2015; 4.-6. Winterzauber, 12.\/13. Lions Club; 18.-20. Jugendfeuerwehr - Infos\" \/>\n<meta property=\"og:url\" content=\"https:\/\/www.gaidaphotos.com\/blog\/2015\/12\/02\/weihnachtsbaumverkauf-in-rodenkirchen-2015\/\" \/>\n<meta property=\"og:site_name\" content=\"K\u00f6ln Rodenkirchen und die Welt\" \/>\n<meta property=\"article:publisher\" content=\"https:\/\/www.facebook.com\/Koeln.Rodenkirchen\" \/>\n<meta property=\"article:author\" content=\"https:\/\/www.facebook.com\/gaidaphotos\" \/>\n<meta property=\"article:published_time\" content=\"2015-12-02T14:35:34+00:00\" \/>\n<meta property=\"article:modified_time\" content=\"2015-12-02T19:41:45+00:00\" \/>\n<meta property=\"og:image\" content=\"https:\/\/i2.wp.com\/www.gaidaphotos.com\/blog\/wp-content\/uploads\/ngg_featured\/weihnachtskugel-08.jpg?fit=1024%2C683&ssl=1\" \/>\n\t<meta property=\"og:image:width\" content=\"1024\" \/>\n\t<meta property=\"og:image:height\" content=\"683\" \/>\n\t<meta property=\"og:image:type\" content=\"image\/jpeg\" \/>\n<meta name=\"author\" content=\"Thomas\" \/>\n<meta name=\"twitter:card\" content=\"summary_large_image\" \/>\n<meta name=\"twitter:creator\" content=\"@gaidaphotos\" \/>\n<meta name=\"twitter:site\" content=\"@gaidaphotos\" \/>\n<meta name=\"twitter:label1\" content=\"Verfasst von\" \/>\n\t<meta name=\"twitter:data1\" content=\"Thomas\" \/>\n\t<meta name=\"twitter:label2\" content=\"Gesch\u00e4tzte Lesezeit\" \/>\n\t<meta name=\"twitter:data2\" content=\"3\u00a0Minuten\" \/>\n<script type=\"application\/ld+json\" class=\"yoast-schema-graph\">{\"@context\":\"https:\\\/\\\/schema.org\",\"@graph\":[{\"@type\":\"Article\",\"@id\":\"https:\\\/\\\/www.gaidaphotos.com\\\/blog\\\/2015\\\/12\\\/02\\\/weihnachtsbaumverkauf-in-rodenkirchen-2015\\\/#article\",\"isPartOf\":{\"@id\":\"https:\\\/\\\/www.gaidaphotos.com\\\/blog\\\/2015\\\/12\\\/02\\\/weihnachtsbaumverkauf-in-rodenkirchen-2015\\\/\"},\"author\":{\"name\":\"Thomas\",\"@id\":\"https:\\\/\\\/www.gaidaphotos.com\\\/blog\\\/#\\\/schema\\\/person\\\/6c444a5b13ffc503c5c32f5a9ec68b21\"},\"headline\":\"Weihnachtsbaumverkauf in Rodenkirchen 2015\",\"datePublished\":\"2015-12-02T14:35:34+00:00\",\"dateModified\":\"2015-12-02T19:41:45+00:00\",\"mainEntityOfPage\":{\"@id\":\"https:\\\/\\\/www.gaidaphotos.com\\\/blog\\\/2015\\\/12\\\/02\\\/weihnachtsbaumverkauf-in-rodenkirchen-2015\\\/\"},\"wordCount\":558,\"commentCount\":2,\"publisher\":{\"@id\":\"https:\\\/\\\/www.gaidaphotos.com\\\/blog\\\/#organization\"},\"image\":{\"@id\":\"https:\\\/\\\/www.gaidaphotos.com\\\/blog\\\/2015\\\/12\\\/02\\\/weihnachtsbaumverkauf-in-rodenkirchen-2015\\\/#primaryimage\"},\"thumbnailUrl\":\"https:\\\/\\\/i0.wp.com\\\/www.gaidaphotos.com\\\/blog\\\/wp-content\\\/uploads\\\/ngg_featured\\\/weihnachtskugel-08.jpg?fit=1024%2C683&ssl=1\",\"keywords\":[\"Einkaufen\\\/ Shopping\",\"K\u00f6ln Rodenkirchen\",\"Weihnachten\"],\"articleSection\":[\"K\u00f6ln Rodenkirchen Einkaufen\",\"Weihnachten\"],\"inLanguage\":\"de\",\"potentialAction\":[{\"@type\":\"CommentAction\",\"name\":\"Comment\",\"target\":[\"https:\\\/\\\/www.gaidaphotos.com\\\/blog\\\/2015\\\/12\\\/02\\\/weihnachtsbaumverkauf-in-rodenkirchen-2015\\\/#respond\"]}]},{\"@type\":\"WebPage\",\"@id\":\"https:\\\/\\\/www.gaidaphotos.com\\\/blog\\\/2015\\\/12\\\/02\\\/weihnachtsbaumverkauf-in-rodenkirchen-2015\\\/\",\"url\":\"https:\\\/\\\/www.gaidaphotos.com\\\/blog\\\/2015\\\/12\\\/02\\\/weihnachtsbaumverkauf-in-rodenkirchen-2015\\\/\",\"name\":\"Weihnachtsbaumverkauf in Rodenkirchen 2015 - K\u00f6ln Rodenkirchen und die Welt\",\"isPartOf\":{\"@id\":\"https:\\\/\\\/www.gaidaphotos.com\\\/blog\\\/#website\"},\"primaryImageOfPage\":{\"@id\":\"https:\\\/\\\/www.gaidaphotos.com\\\/blog\\\/2015\\\/12\\\/02\\\/weihnachtsbaumverkauf-in-rodenkirchen-2015\\\/#primaryimage\"},\"image\":{\"@id\":\"https:\\\/\\\/www.gaidaphotos.com\\\/blog\\\/2015\\\/12\\\/02\\\/weihnachtsbaumverkauf-in-rodenkirchen-2015\\\/#primaryimage\"},\"thumbnailUrl\":\"https:\\\/\\\/i0.wp.com\\\/www.gaidaphotos.com\\\/blog\\\/wp-content\\\/uploads\\\/ngg_featured\\\/weihnachtskugel-08.jpg?fit=1024%2C683&ssl=1\",\"datePublished\":\"2015-12-02T14:35:34+00:00\",\"dateModified\":\"2015-12-02T19:41:45+00:00\",\"description\":\"Weihnachtsbaum kaufen und Gutes tun - Weihnachtsbaumverkauf in Rodenkirchen 2015; 4.-6. Winterzauber, 12.\\\/13. Lions Club; 18.-20. Jugendfeuerwehr - Infos\",\"breadcrumb\":{\"@id\":\"https:\\\/\\\/www.gaidaphotos.com\\\/blog\\\/2015\\\/12\\\/02\\\/weihnachtsbaumverkauf-in-rodenkirchen-2015\\\/#breadcrumb\"},\"inLanguage\":\"de\",\"potentialAction\":[{\"@type\":\"ReadAction\",\"target\":[\"https:\\\/\\\/www.gaidaphotos.com\\\/blog\\\/2015\\\/12\\\/02\\\/weihnachtsbaumverkauf-in-rodenkirchen-2015\\\/\"]}]},{\"@type\":\"ImageObject\",\"inLanguage\":\"de\",\"@id\":\"https:\\\/\\\/www.gaidaphotos.com\\\/blog\\\/2015\\\/12\\\/02\\\/weihnachtsbaumverkauf-in-rodenkirchen-2015\\\/#primaryimage\",\"url\":\"https:\\\/\\\/i0.wp.com\\\/www.gaidaphotos.com\\\/blog\\\/wp-content\\\/uploads\\\/ngg_featured\\\/weihnachtskugel-08.jpg?fit=1024%2C683&ssl=1\",\"contentUrl\":\"https:\\\/\\\/i0.wp.com\\\/www.gaidaphotos.com\\\/blog\\\/wp-content\\\/uploads\\\/ngg_featured\\\/weihnachtskugel-08.jpg?fit=1024%2C683&ssl=1\",\"width\":1024,\"height\":683},{\"@type\":\"BreadcrumbList\",\"@id\":\"https:\\\/\\\/www.gaidaphotos.com\\\/blog\\\/2015\\\/12\\\/02\\\/weihnachtsbaumverkauf-in-rodenkirchen-2015\\\/#breadcrumb\",\"itemListElement\":[{\"@type\":\"ListItem\",\"position\":1,\"name\":\"Startseite\",\"item\":\"https:\\\/\\\/www.gaidaphotos.com\\\/blog\\\/\"},{\"@type\":\"ListItem\",\"position\":2,\"name\":\"Weihnachtsbaumverkauf in Rodenkirchen 2015\"}]},{\"@type\":\"WebSite\",\"@id\":\"https:\\\/\\\/www.gaidaphotos.com\\\/blog\\\/#website\",\"url\":\"https:\\\/\\\/www.gaidaphotos.com\\\/blog\\\/\",\"name\":\"K\u00f6ln Rodenkirchen und die Welt\",\"description\":\"Einkaufen, Restaurants, Freizeit, Nachrichten und was uns sonst bewegt und begegnet\",\"publisher\":{\"@id\":\"https:\\\/\\\/www.gaidaphotos.com\\\/blog\\\/#organization\"},\"potentialAction\":[{\"@type\":\"SearchAction\",\"target\":{\"@type\":\"EntryPoint\",\"urlTemplate\":\"https:\\\/\\\/www.gaidaphotos.com\\\/blog\\\/?s={search_term_string}\"},\"query-input\":{\"@type\":\"PropertyValueSpecification\",\"valueRequired\":true,\"valueName\":\"search_term_string\"}}],\"inLanguage\":\"de\"},{\"@type\":\"Organization\",\"@id\":\"https:\\\/\\\/www.gaidaphotos.com\\\/blog\\\/#organization\",\"name\":\"gaidaphotos\",\"url\":\"https:\\\/\\\/www.gaidaphotos.com\\\/blog\\\/\",\"logo\":{\"@type\":\"ImageObject\",\"inLanguage\":\"de\",\"@id\":\"https:\\\/\\\/www.gaidaphotos.com\\\/blog\\\/#\\\/schema\\\/logo\\\/image\\\/\",\"url\":\"https:\\\/\\\/i0.wp.com\\\/www.gaidaphotos.com\\\/blog\\\/wp-content\\\/uploads\\\/2020\\\/07\\\/GAIDAPHOTOS-COM.jpg?fit=160%2C96&ssl=1\",\"contentUrl\":\"https:\\\/\\\/i0.wp.com\\\/www.gaidaphotos.com\\\/blog\\\/wp-content\\\/uploads\\\/2020\\\/07\\\/GAIDAPHOTOS-COM.jpg?fit=160%2C96&ssl=1\",\"width\":160,\"height\":96,\"caption\":\"gaidaphotos\"},\"image\":{\"@id\":\"https:\\\/\\\/www.gaidaphotos.com\\\/blog\\\/#\\\/schema\\\/logo\\\/image\\\/\"},\"sameAs\":[\"https:\\\/\\\/www.facebook.com\\\/Koeln.Rodenkirchen\",\"https:\\\/\\\/x.com\\\/gaidaphotos\",\"https:\\\/\\\/instagram.com\\\/gaidaphotos\\\/\",\"https:\\\/\\\/de.linkedin.com\\\/in\\\/gaidaphotos\",\"https:\\\/\\\/myspace.com\\\/gaidaphotos\",\"https:\\\/\\\/www.pinterest.com\\\/gaidaphotos\\\/\",\"https:\\\/\\\/www.youtube.com\\\/user\\\/gaidaphotos\"]},{\"@type\":\"Person\",\"@id\":\"https:\\\/\\\/www.gaidaphotos.com\\\/blog\\\/#\\\/schema\\\/person\\\/6c444a5b13ffc503c5c32f5a9ec68b21\",\"name\":\"Thomas\",\"sameAs\":[\"https:\\\/\\\/www.gaidaphotos.com\",\"https:\\\/\\\/www.facebook.com\\\/gaidaphotos\",\"https:\\\/\\\/instagram.com\\\/gaidaphotos\\\/\",\"https:\\\/\\\/www.linkedin.com\\\/in\\\/gaidaphotos\",\"http:\\\/\\\/www.pinterest.com\\\/gaidaphotos\\\/\",\"https:\\\/\\\/x.com\\\/gaidaphotos\",\"https:\\\/\\\/myspace.com\\\/gaidaphotos\",\"https:\\\/\\\/www.youtube.com\\\/user\\\/gaidaphotos\",\"https:\\\/\\\/gaidaphotos.tumblr.com\\\/\"]}]}<\/script>\n<!-- \/ Yoast SEO plugin. -->","yoast_head_json":{"title":"Weihnachtsbaumverkauf in Rodenkirchen 2015 - K\u00f6ln Rodenkirchen und die Welt","description":"Weihnachtsbaum kaufen und Gutes tun - Weihnachtsbaumverkauf in Rodenkirchen 2015; 4.-6. Winterzauber, 12.\/13. Lions Club; 18.-20. Jugendfeuerwehr - Infos","robots":{"index":"index","follow":"follow","max-snippet":"max-snippet:-1","max-image-preview":"max-image-preview:large","max-video-preview":"max-video-preview:-1"},"canonical":"https:\/\/www.gaidaphotos.com\/blog\/2015\/12\/02\/weihnachtsbaumverkauf-in-rodenkirchen-2015\/","og_locale":"de_DE","og_type":"article","og_title":"Weihnachtsbaumverkauf in Rodenkirchen 2015 - K\u00f6ln Rodenkirchen und die Welt","og_description":"Weihnachtsbaum kaufen und Gutes tun - Weihnachtsbaumverkauf in Rodenkirchen 2015; 4.-6. Winterzauber, 12.\/13. Lions Club; 18.-20. Jugendfeuerwehr - Infos","og_url":"https:\/\/www.gaidaphotos.com\/blog\/2015\/12\/02\/weihnachtsbaumverkauf-in-rodenkirchen-2015\/","og_site_name":"K\u00f6ln Rodenkirchen und die Welt","article_publisher":"https:\/\/www.facebook.com\/Koeln.Rodenkirchen","article_author":"https:\/\/www.facebook.com\/gaidaphotos","article_published_time":"2015-12-02T14:35:34+00:00","article_modified_time":"2015-12-02T19:41:45+00:00","og_image":[{"width":1024,"height":683,"url":"https:\/\/i2.wp.com\/www.gaidaphotos.com\/blog\/wp-content\/uploads\/ngg_featured\/weihnachtskugel-08.jpg?fit=1024%2C683&ssl=1","type":"image\/jpeg"}],"author":"Thomas","twitter_card":"summary_large_image","twitter_creator":"@gaidaphotos","twitter_site":"@gaidaphotos","twitter_misc":{"Verfasst von":"Thomas","Gesch\u00e4tzte Lesezeit":"3\u00a0Minuten"},"schema":{"@context":"https:\/\/schema.org","@graph":[{"@type":"Article","@id":"https:\/\/www.gaidaphotos.com\/blog\/2015\/12\/02\/weihnachtsbaumverkauf-in-rodenkirchen-2015\/#article","isPartOf":{"@id":"https:\/\/www.gaidaphotos.com\/blog\/2015\/12\/02\/weihnachtsbaumverkauf-in-rodenkirchen-2015\/"},"author":{"name":"Thomas","@id":"https:\/\/www.gaidaphotos.com\/blog\/#\/schema\/person\/6c444a5b13ffc503c5c32f5a9ec68b21"},"headline":"Weihnachtsbaumverkauf in Rodenkirchen 2015","datePublished":"2015-12-02T14:35:34+00:00","dateModified":"2015-12-02T19:41:45+00:00","mainEntityOfPage":{"@id":"https:\/\/www.gaidaphotos.com\/blog\/2015\/12\/02\/weihnachtsbaumverkauf-in-rodenkirchen-2015\/"},"wordCount":558,"commentCount":2,"publisher":{"@id":"https:\/\/www.gaidaphotos.com\/blog\/#organization"},"image":{"@id":"https:\/\/www.gaidaphotos.com\/blog\/2015\/12\/02\/weihnachtsbaumverkauf-in-rodenkirchen-2015\/#primaryimage"},"thumbnailUrl":"https:\/\/i0.wp.com\/www.gaidaphotos.com\/blog\/wp-content\/uploads\/ngg_featured\/weihnachtskugel-08.jpg?fit=1024%2C683&ssl=1","keywords":["Einkaufen\/ Shopping","K\u00f6ln Rodenkirchen","Weihnachten"],"articleSection":["K\u00f6ln Rodenkirchen Einkaufen","Weihnachten"],"inLanguage":"de","potentialAction":[{"@type":"CommentAction","name":"Comment","target":["https:\/\/www.gaidaphotos.com\/blog\/2015\/12\/02\/weihnachtsbaumverkauf-in-rodenkirchen-2015\/#respond"]}]},{"@type":"WebPage","@id":"https:\/\/www.gaidaphotos.com\/blog\/2015\/12\/02\/weihnachtsbaumverkauf-in-rodenkirchen-2015\/","url":"https:\/\/www.gaidaphotos.com\/blog\/2015\/12\/02\/weihnachtsbaumverkauf-in-rodenkirchen-2015\/","name":"Weihnachtsbaumverkauf in Rodenkirchen 2015 - K\u00f6ln Rodenkirchen und die Welt","isPartOf":{"@id":"https:\/\/www.gaidaphotos.com\/blog\/#website"},"primaryImageOfPage":{"@id":"https:\/\/www.gaidaphotos.com\/blog\/2015\/12\/02\/weihnachtsbaumverkauf-in-rodenkirchen-2015\/#primaryimage"},"image":{"@id":"https:\/\/www.gaidaphotos.com\/blog\/2015\/12\/02\/weihnachtsbaumverkauf-in-rodenkirchen-2015\/#primaryimage"},"thumbnailUrl":"https:\/\/i0.wp.com\/www.gaidaphotos.com\/blog\/wp-content\/uploads\/ngg_featured\/weihnachtskugel-08.jpg?fit=1024%2C683&ssl=1","datePublished":"2015-12-02T14:35:34+00:00","dateModified":"2015-12-02T19:41:45+00:00","description":"Weihnachtsbaum kaufen und Gutes tun - Weihnachtsbaumverkauf in Rodenkirchen 2015; 4.-6. Winterzauber, 12.\/13. Lions Club; 18.-20. Jugendfeuerwehr - Infos","breadcrumb":{"@id":"https:\/\/www.gaidaphotos.com\/blog\/2015\/12\/02\/weihnachtsbaumverkauf-in-rodenkirchen-2015\/#breadcrumb"},"inLanguage":"de","potentialAction":[{"@type":"ReadAction","target":["https:\/\/www.gaidaphotos.com\/blog\/2015\/12\/02\/weihnachtsbaumverkauf-in-rodenkirchen-2015\/"]}]},{"@type":"ImageObject","inLanguage":"de","@id":"https:\/\/www.gaidaphotos.com\/blog\/2015\/12\/02\/weihnachtsbaumverkauf-in-rodenkirchen-2015\/#primaryimage","url":"https:\/\/i0.wp.com\/www.gaidaphotos.com\/blog\/wp-content\/uploads\/ngg_featured\/weihnachtskugel-08.jpg?fit=1024%2C683&ssl=1","contentUrl":"https:\/\/i0.wp.com\/www.gaidaphotos.com\/blog\/wp-content\/uploads\/ngg_featured\/weihnachtskugel-08.jpg?fit=1024%2C683&ssl=1","width":1024,"height":683},{"@type":"BreadcrumbList","@id":"https:\/\/www.gaidaphotos.com\/blog\/2015\/12\/02\/weihnachtsbaumverkauf-in-rodenkirchen-2015\/#breadcrumb","itemListElement":[{"@type":"ListItem","position":1,"name":"Startseite","item":"https:\/\/www.gaidaphotos.com\/blog\/"},{"@type":"ListItem","position":2,"name":"Weihnachtsbaumverkauf in Rodenkirchen 2015"}]},{"@type":"WebSite","@id":"https:\/\/www.gaidaphotos.com\/blog\/#website","url":"https:\/\/www.gaidaphotos.com\/blog\/","name":"K\u00f6ln Rodenkirchen und die Welt","description":"Einkaufen, Restaurants, Freizeit, Nachrichten und was uns sonst bewegt und begegnet","publisher":{"@id":"https:\/\/www.gaidaphotos.com\/blog\/#organization"},"potentialAction":[{"@type":"SearchAction","target":{"@type":"EntryPoint","urlTemplate":"https:\/\/www.gaidaphotos.com\/blog\/?s={search_term_string}"},"query-input":{"@type":"PropertyValueSpecification","valueRequired":true,"valueName":"search_term_string"}}],"inLanguage":"de"},{"@type":"Organization","@id":"https:\/\/www.gaidaphotos.com\/blog\/#organization","name":"gaidaphotos","url":"https:\/\/www.gaidaphotos.com\/blog\/","logo":{"@type":"ImageObject","inLanguage":"de","@id":"https:\/\/www.gaidaphotos.com\/blog\/#\/schema\/logo\/image\/","url":"https:\/\/i0.wp.com\/www.gaidaphotos.com\/blog\/wp-content\/uploads\/2020\/07\/GAIDAPHOTOS-COM.jpg?fit=160%2C96&ssl=1","contentUrl":"https:\/\/i0.wp.com\/www.gaidaphotos.com\/blog\/wp-content\/uploads\/2020\/07\/GAIDAPHOTOS-COM.jpg?fit=160%2C96&ssl=1","width":160,"height":96,"caption":"gaidaphotos"},"image":{"@id":"https:\/\/www.gaidaphotos.com\/blog\/#\/schema\/logo\/image\/"},"sameAs":["https:\/\/www.facebook.com\/Koeln.Rodenkirchen","https:\/\/x.com\/gaidaphotos","https:\/\/instagram.com\/gaidaphotos\/","https:\/\/de.linkedin.com\/in\/gaidaphotos","https:\/\/myspace.com\/gaidaphotos","https:\/\/www.pinterest.com\/gaidaphotos\/","https:\/\/www.youtube.com\/user\/gaidaphotos"]},{"@type":"Person","@id":"https:\/\/www.gaidaphotos.com\/blog\/#\/schema\/person\/6c444a5b13ffc503c5c32f5a9ec68b21","name":"Thomas","sameAs":["https:\/\/www.gaidaphotos.com","https:\/\/www.facebook.com\/gaidaphotos","https:\/\/instagram.com\/gaidaphotos\/","https:\/\/www.linkedin.com\/in\/gaidaphotos","http:\/\/www.pinterest.com\/gaidaphotos\/","https:\/\/x.com\/gaidaphotos","https:\/\/myspace.com\/gaidaphotos","https:\/\/www.youtube.com\/user\/gaidaphotos","https:\/\/gaidaphotos.tumblr.com\/"]}]}},"jetpack_publicize_connections":[],"jetpack_featured_media_url":"https:\/\/i0.wp.com\/www.gaidaphotos.com\/blog\/wp-content\/uploads\/ngg_featured\/weihnachtskugel-08.jpg?fit=1024%2C683&ssl=1","jetpack_sharing_enabled":true,"jetpack_likes_enabled":true,"jetpack-related-posts":[{"id":5238,"url":"https:\/\/www.gaidaphotos.com\/blog\/2012\/12\/05\/weihnachtsbaumverkauf-in-koeln-rodenkirchen\/","url_meta":{"origin":9133,"position":0},"title":"Gro\u00dfer Weihnachtsbaumverkauf in K\u00f6ln Rodenkirchen","author":"Thomas","date":"5. Dezember 2012","format":false,"excerpt":"Weihnachtsbaumverkauf zum guten Zweck Wie schon in den Vorjahren k\u00f6nnen Sie auch in diesem Jahr wieder preiswert frisch geschlagene und sch\u00f6n gewachsene Weihnachtsb\u00e4ume kaufen und gleich mehrere gute Dinge tun. Zum einen bekommen Sie einen sch\u00f6nen Weihnachtsbaum, frisch geschlagen aus benachbarten Forsten. Da freut sich die ganze Familie. Und die\u2026","rel":"","context":"In &quot;K\u00f6ln Rodenkirchen Einkaufen&quot;","block_context":{"text":"K\u00f6ln Rodenkirchen Einkaufen","link":"https:\/\/www.gaidaphotos.com\/blog\/category\/koeln-rodenkirchen\/koeln-rodenkirchen-einkaufen\/"},"img":{"alt_text":"","src":"https:\/\/www.gaidaphotos.com\/blog\/wp-content\/uploads\/2020\/08\/nggallery_import\/123_","width":350,"height":200},"classes":[]},{"id":3936,"url":"https:\/\/www.gaidaphotos.com\/blog\/2011\/12\/14\/weihnachtsbaum-kaufen-in-koln-rodenkirchen\/","url_meta":{"origin":9133,"position":1},"title":"Weihnachtsbaum kaufen in K\u00f6ln-Rodenkirchen","author":"Thomas","date":"14. Dezember 2011","format":false,"excerpt":"Weihnachtsbaum kaufen 2012 in K\u00f6ln-Rodenkirchen Auch in diesem Jahr kaufen wir unseren Weihnachtsbaum beim gro\u00dfen Weihnachtsbaumverkauf der Jugendfeuerwehr K\u00f6ln-Rodenkirchen. Was gibt es sch\u00f6neres, als am Heiligen Abend die Pakete unter dem Weihnachtsbaum zu finden. Egal ob elektrisch oder mit echten Kerzen, nicht leutet so sch\u00f6n wie ein Weihnachtsbaum. Wer seinen\u2026","rel":"","context":"In &quot;K\u00f6ln Rodenkirchen Einkaufen&quot;","block_context":{"text":"K\u00f6ln Rodenkirchen Einkaufen","link":"https:\/\/www.gaidaphotos.com\/blog\/category\/koeln-rodenkirchen\/koeln-rodenkirchen-einkaufen\/"},"img":{"alt_text":"","src":"https:\/\/www.gaidaphotos.com\/blog\/wp-content\/uploads\/2020\/08\/nggallery_import\/74_","width":350,"height":200},"classes":[]},{"id":8241,"url":"https:\/\/www.gaidaphotos.com\/blog\/2014\/11\/30\/weihnachtsbaumverkauf-in-rodenkirchen\/","url_meta":{"origin":9133,"position":2},"title":"Weihnachtsbaumverkauf in Rodenkirchen","author":"Thomas","date":"30. November 2014","format":false,"excerpt":"Weihnachtsbaum kaufen und Gutes tun Zu Weihnachten geh\u00f6rt ein Weihnachtsbaum. Sch\u00f6n geschm\u00fcckt, nach Art des Hauses, mit echten Kerzen oder LED ist der Tannenbaum in der Stube Pflicht. In Rodenkirchen kauft man seinen Baum bei der Jugendfeuerwehr oder dem Lion's Club und unterst\u00fctzt damit gleichzeitig einen guten Zweck. Der Weihnachtsbaumschmuck\u2026","rel":"","context":"In &quot;K\u00f6ln Rodenkirchen Einkaufen&quot;","block_context":{"text":"K\u00f6ln Rodenkirchen Einkaufen","link":"https:\/\/www.gaidaphotos.com\/blog\/category\/koeln-rodenkirchen\/koeln-rodenkirchen-einkaufen\/"},"img":{"alt_text":"","src":"https:\/\/i0.wp.com\/www.gaidaphotos.com\/blog\/wp-content\/uploads\/ngg_featured\/weihnachten-gedichte-sprueche-01.jpg?fit=293%2C440&ssl=1&resize=350%2C200","width":350,"height":200},"classes":[]},{"id":3472,"url":"https:\/\/www.gaidaphotos.com\/blog\/2010\/12\/15\/weihnachtsbaum-kaufen-in-koeln-rodenkirchen\/","url_meta":{"origin":9133,"position":3},"title":"Weihnachtsbaum kaufen in K\u00f6ln Rodenkirchen","author":"Thomas","date":"15. Dezember 2010","format":false,"excerpt":"Weihnachtsbaum kaufen in K\u00f6ln Rodenkirchen Wo kauft man in K\u00f6ln Rodenkirchen den Weihnachtsbaum? Der ideale Weihnachtsbaum ist frisch gerade gewachsen preiswert In K\u00f6ln Rodenkirchen finden Sie solche Weihnachtsb\u00e4ume beim Weihnachtsbaumverkauf der Freiwilligen Feuerwehr K\u00f6ln-Rodenkirchen. Wer hier seinen Weihnachtsbaum kauft erh\u00e4lt ihn frisch und preiswert. Auf Gr\u00f6\u00dfe und Wuchs des Weihnachtsbaums\u2026","rel":"","context":"In &quot;K\u00f6ln Rodenkirchen Einkaufen&quot;","block_context":{"text":"K\u00f6ln Rodenkirchen Einkaufen","link":"https:\/\/www.gaidaphotos.com\/blog\/category\/koeln-rodenkirchen\/koeln-rodenkirchen-einkaufen\/"},"img":{"alt_text":"","src":"","width":0,"height":0},"classes":[]},{"id":5890,"url":"https:\/\/www.gaidaphotos.com\/blog\/2013\/12\/10\/weihnachtsbaumverkauf-der-feuerwehr-in-rodenkirchen\/","url_meta":{"origin":9133,"position":4},"title":"Weihnachtsbaumverkauf der Feuerwehr in Rodenkirchen","author":"Thomas","date":"10. Dezember 2013","format":false,"excerpt":"Weihnachtsbaumverkauf zum guten Zweck Es ist wieder soweit. Weihnachten droht und wir brauchen einen sch\u00f6nen, frisch geschlagenen Weihnachtsbaum. Wer in Rodenkirchen und Umgebung wohnt hat am Wochenende gleich zwei Gelegenheiten einen Weihnachtsbaum zu kaufen und einen guten Zweck zu unterst\u00fctzen. Zum einen bekommen Sie einen sch\u00f6nen Weihnachtsbaum, frisch geschlagen aus\u2026","rel":"","context":"In &quot;K\u00f6ln Rodenkirchen Einkaufen&quot;","block_context":{"text":"K\u00f6ln Rodenkirchen Einkaufen","link":"https:\/\/www.gaidaphotos.com\/blog\/category\/koeln-rodenkirchen\/koeln-rodenkirchen-einkaufen\/"},"img":{"alt_text":"","src":"https:\/\/i0.wp.com\/www.gaidaphotos.com\/blog\/wp-content\/uploads\/ngg_featured\/rodenkirchen-nikolaus-weihnachtsmarkt-02.jpg?fit=1000%2C667&ssl=1&resize=350%2C200","width":350,"height":200,"srcset":"https:\/\/i0.wp.com\/www.gaidaphotos.com\/blog\/wp-content\/uploads\/ngg_featured\/rodenkirchen-nikolaus-weihnachtsmarkt-02.jpg?fit=1000%2C667&ssl=1&resize=350%2C200 1x, https:\/\/i0.wp.com\/www.gaidaphotos.com\/blog\/wp-content\/uploads\/ngg_featured\/rodenkirchen-nikolaus-weihnachtsmarkt-02.jpg?fit=1000%2C667&ssl=1&resize=525%2C300 1.5x, https:\/\/i0.wp.com\/www.gaidaphotos.com\/blog\/wp-content\/uploads\/ngg_featured\/rodenkirchen-nikolaus-weihnachtsmarkt-02.jpg?fit=1000%2C667&ssl=1&resize=700%2C400 2x"},"classes":[]},{"id":2283,"url":"https:\/\/www.gaidaphotos.com\/blog\/2009\/11\/27\/koln-rodenkirchen-ist-denn-schon%c2%a0weihnachten-am-maternusplatz\/","url_meta":{"origin":9133,"position":5},"title":"K\u00f6ln-Rodenkirchen: Ist denn schon\u00a0Weihnachten am Maternusplatz?","author":"Thomas","date":"27. November 2009","format":false,"excerpt":"Am Maternusplatz in K\u00f6ln\u00a0Rodenkirchen ist es schon Weihnachten geworden. Als Glanzst\u00fcck der weihnachtlichen Lichterdeko wurde heute der Weihnachtsbaum auf dem\u00a0Maternusplatz aufgestellt. Wie schon im letzten Jahr durften die Kinderg\u00e4rten und Grundschulen aus K\u00f6ln-Rodenkirchen den Baum mit selbst gebasteltem \"Weihnachtsbaumschmuck\" beh\u00e4ngen. \u00dcber diese Dekoration des Christbaumes kann man geteilter Meinung sein.\u2026","rel":"","context":"In &quot;17&quot;","block_context":{"text":"17","link":"https:\/\/www.gaidaphotos.com\/blog\/category\/mobile_news_von_unterwegs\/mobile_news_von_unterwegs-n95\/"},"img":{"alt_text":"","src":"","width":0,"height":0},"classes":[]}],"_links":{"self":[{"href":"https:\/\/www.gaidaphotos.com\/blog\/wp-json\/wp\/v2\/posts\/9133","targetHints":{"allow":["GET"]}}],"collection":[{"href":"https:\/\/www.gaidaphotos.com\/blog\/wp-json\/wp\/v2\/posts"}],"about":[{"href":"https:\/\/www.gaidaphotos.com\/blog\/wp-json\/wp\/v2\/types\/post"}],"author":[{"embeddable":true,"href":"https:\/\/www.gaidaphotos.com\/blog\/wp-json\/wp\/v2\/users\/6"}],"replies":[{"embeddable":true,"href":"https:\/\/www.gaidaphotos.com\/blog\/wp-json\/wp\/v2\/comments?post=9133"}],"version-history":[{"count":0,"href":"https:\/\/www.gaidaphotos.com\/blog\/wp-json\/wp\/v2\/posts\/9133\/revisions"}],"wp:featuredmedia":[{"embeddable":true,"href":"https:\/\/www.gaidaphotos.com\/blog\/wp-json\/wp\/v2\/media\/9136"}],"wp:attachment":[{"href":"https:\/\/www.gaidaphotos.com\/blog\/wp-json\/wp\/v2\/media?parent=9133"}],"wp:term":[{"taxonomy":"category","embeddable":true,"href":"https:\/\/www.gaidaphotos.com\/blog\/wp-json\/wp\/v2\/categories?post=9133"},{"taxonomy":"post_tag","embeddable":true,"href":"https:\/\/www.gaidaphotos.com\/blog\/wp-json\/wp\/v2\/tags?post=9133"}],"curies":[{"name":"wp","href":"https:\/\/api.w.org\/{rel}","templated":true}]}}