{"id":9457,"date":"2016-08-16T17:24:37","date_gmt":"2016-08-16T15:24:37","guid":{"rendered":"http:\/\/www.gaidaphotos.com\/blog\/?p=9457"},"modified":"2020-08-14T10:57:31","modified_gmt":"2020-08-14T08:57:31","slug":"sommerzauber-auf-dem-maternusplatz-2016","status":"publish","type":"post","link":"https:\/\/www.gaidaphotos.com\/blog\/2016\/08\/16\/sommerzauber-auf-dem-maternusplatz-2016\/","title":{"rendered":"Sommerzauber auf dem Maternusplatz 2016"},"content":{"rendered":"<h2>&nbsp;<\/h2>\n<p><a title=\"Sommerzauber Maternusplatz 2016\" href=\"https:\/\/i0.wp.com\/www.gaidaphotos.com\/blog\/wp-content\/gallery\/sommerzauber-maternusplatz-2016\/sommerzauber-maternusplatz-2016-01.jpg?ssl=1\"><img data-recalc-dims=\"1\" decoding=\"async\" src=\"https:\/\/i0.wp.com\/www.gaidaphotos.com\/blog\/wp-content\/gallery\/sommerzauber-maternusplatz-2016\/thumbs\/thumbs_sommerzauber-maternusplatz-2016-01.jpg?w=910&#038;ssl=1\" alt=\"Sommerzauber Maternusplatz 2016\" align=\"middle\"><\/a><br \/>\n<strong>Kinderunterhaltung <\/strong>auf dem Maternusplatz in den Sommerferien 2016<br \/>\nUnter den Motto \u201c<strong>Sommerzauber auf dem Maternusplatz<\/strong>\u201d unterhalten die Zauberin ALISSA ALADINO und ihre Helfer am Mittwoch dem <strong>9., 16. und 23. August 2016<\/strong> Kinder und Junggebliebene auf dem Maternusplatz.<br \/>\nJeweils ab <strong>16:00h<\/strong> k\u00f6nnen Sie sich in der Ortsmitte von Rodenkirchen verzaubern lassen. Bequem k\u00f6nnen Sie alternativ im Schatten auf den von &#8222;<a href=\"http:\/\/www.treffpunkt-rodenkirchen.de\" target=\"_blank\" rel=\"noopener noreferrer\">Treffpunkt Rodenkirchen<\/a>&#8220; bereit gestellten Liegest\u00fchlen die Kleinen beobachten. Und hinterher gibt es f\u00fcr alle ein Eis von Mama oder Papa.<\/p>\n<p>Initiiert und finanziert wird die Aktion durch die umliegenden Einzelh\u00e4ndler <strong>Boulangerie EP<\/strong>I, <strong>Sylter Eiscafe<\/strong>, <strong>Parf\u00fcmerie Pieper<\/strong> (vormals Goldkopf), <strong>Pfeil Apotheke<\/strong> und <strong>Juwelier Behrendt<\/strong>.<\/p>\n<p>Das <strong>Engagement <\/strong>der Gesch\u00e4fte ist <strong>vorbildlich<\/strong>. Nat\u00fcrlich m\u00f6chten sie mit mehr Umsatz davon profitieren. Aber das tun die Trittbrettfahrer auch, denn leider sind nicht einmal die H\u00e4lfte der umliegenden Gesch\u00e4fte beteiligt.<br \/>\nEinkaufen als Event &#8211; das erwartet der Verbraucher heute. Und der Maternusplatz ist mit seinem reichhaltigen gastronomischem Angebot daf\u00fcr gut ger\u00fcstet. Besonders an trockenen und warmen Tagen sind aber nicht nur die vielen Tische der Au\u00dfengastronie besetzt, auch auf den B\u00e4nken und Liegest\u00fchlen ist kaum ein Platz frei. Daher ist Rodenkirchen mit seinem Maternusplatz f\u00fcr ein interessantes und unterhaltsames Shopping-Erlebnis gut ger\u00fcstet.<br \/>\nWas fehlt ist ein eigenes WLan-Netz und mehr Unterst\u00fctzung durch die gewerbliche Nachbarschaft.<\/p>\n<h3>Sommerzauber auf dem Maternusplatz<\/h3>\nngg_shortcode_0_placeholder\n","protected":false},"excerpt":{"rendered":"<p>&nbsp; Kinderunterhaltung auf dem Maternusplatz in den Sommerferien 2016 Unter den Motto \u201cSommerzauber auf dem Maternusplatz\u201d unterhalten die Zauberin ALISSA<\/p>\n","protected":false},"author":6,"featured_media":9468,"comment_status":"open","ping_status":"open","sticky":false,"template":"","format":"standard","meta":{"_crdt_document":"","ngg_post_thumbnail":0,"jetpack_post_was_ever_published":false,"_jetpack_newsletter_access":"","_jetpack_dont_email_post_to_subs":false,"_jetpack_newsletter_tier_id":0,"_jetpack_memberships_contains_paywalled_content":false,"_jetpack_memberships_contains_paid_content":false,"footnotes":"","jetpack_publicize_message":"","jetpack_publicize_feature_enabled":true,"jetpack_social_post_already_shared":true,"jetpack_social_options":{"image_generator_settings":{"template":"highway","default_image_id":0,"font":"","enabled":false},"version":2}},"categories":[101],"tags":[102,538],"class_list":["post-9457","post","type-post","status-publish","format-standard","has-post-thumbnail","hentry","category-koeln-rodenkirchen-freizeit","tag-freizeit","tag-koeln-rodenkirchen"],"yoast_head":"<!-- This site is optimized with the Yoast SEO plugin v27.5 - https:\/\/yoast.com\/product\/yoast-seo-wordpress\/ -->\n<title>Sommerzauber auf dem Maternusplatz 2016 - K\u00f6ln Rodenkirchen und die Welt<\/title>\n<meta name=\"description\" content=\"Unter dem Motto &quot;Sommerzauber auf dem Maternusplatz&quot; gibt es jeden Mittwoch im August 2016 eine kostenlose Zaubershow f\u00fcr Kinder und Zauberfreunde\" \/>\n<meta name=\"robots\" content=\"index, follow, max-snippet:-1, max-image-preview:large, max-video-preview:-1\" \/>\n<link rel=\"canonical\" href=\"https:\/\/www.gaidaphotos.com\/blog\/2016\/08\/16\/sommerzauber-auf-dem-maternusplatz-2016\/\" \/>\n<meta property=\"og:locale\" content=\"de_DE\" \/>\n<meta property=\"og:type\" content=\"article\" \/>\n<meta property=\"og:title\" content=\"Sommerzauber auf dem Maternusplatz 2016 - K\u00f6ln Rodenkirchen und die Welt\" \/>\n<meta property=\"og:description\" content=\"Unter dem Motto &quot;Sommerzauber auf dem Maternusplatz&quot; gibt es jeden Mittwoch im August 2016 eine kostenlose Zaubershow f\u00fcr Kinder und Zauberfreunde\" \/>\n<meta property=\"og:url\" content=\"https:\/\/www.gaidaphotos.com\/blog\/2016\/08\/16\/sommerzauber-auf-dem-maternusplatz-2016\/\" \/>\n<meta property=\"og:site_name\" content=\"K\u00f6ln Rodenkirchen und die Welt\" \/>\n<meta property=\"article:publisher\" content=\"https:\/\/www.facebook.com\/Koeln.Rodenkirchen\" \/>\n<meta property=\"article:author\" content=\"https:\/\/www.facebook.com\/gaidaphotos\" \/>\n<meta property=\"article:published_time\" content=\"2016-08-16T15:24:37+00:00\" \/>\n<meta property=\"article:modified_time\" content=\"2020-08-14T08:57:31+00:00\" \/>\n<meta property=\"og:image\" content=\"https:\/\/i1.wp.com\/www.gaidaphotos.com\/blog\/wp-content\/uploads\/ngg_featured\/sommerzauber-maternusplatz-2016-01.jpg?fit=1024%2C700&ssl=1\" \/>\n\t<meta property=\"og:image:width\" content=\"1024\" \/>\n\t<meta property=\"og:image:height\" content=\"700\" \/>\n\t<meta property=\"og:image:type\" content=\"image\/jpeg\" \/>\n<meta name=\"author\" content=\"Thomas\" \/>\n<meta name=\"twitter:card\" content=\"summary_large_image\" \/>\n<meta name=\"twitter:creator\" content=\"@gaidaphotos\" \/>\n<meta name=\"twitter:site\" content=\"@gaidaphotos\" \/>\n<meta name=\"twitter:label1\" content=\"Verfasst von\" \/>\n\t<meta name=\"twitter:data1\" content=\"Thomas\" \/>\n\t<meta name=\"twitter:label2\" content=\"Gesch\u00e4tzte Lesezeit\" \/>\n\t<meta name=\"twitter:data2\" content=\"1\u00a0Minute\" \/>\n<script type=\"application\/ld+json\" class=\"yoast-schema-graph\">{\"@context\":\"https:\\\/\\\/schema.org\",\"@graph\":[{\"@type\":\"Article\",\"@id\":\"https:\\\/\\\/www.gaidaphotos.com\\\/blog\\\/2016\\\/08\\\/16\\\/sommerzauber-auf-dem-maternusplatz-2016\\\/#article\",\"isPartOf\":{\"@id\":\"https:\\\/\\\/www.gaidaphotos.com\\\/blog\\\/2016\\\/08\\\/16\\\/sommerzauber-auf-dem-maternusplatz-2016\\\/\"},\"author\":{\"name\":\"Thomas\",\"@id\":\"https:\\\/\\\/www.gaidaphotos.com\\\/blog\\\/#\\\/schema\\\/person\\\/6c444a5b13ffc503c5c32f5a9ec68b21\"},\"headline\":\"Sommerzauber auf dem Maternusplatz 2016\",\"datePublished\":\"2016-08-16T15:24:37+00:00\",\"dateModified\":\"2020-08-14T08:57:31+00:00\",\"mainEntityOfPage\":{\"@id\":\"https:\\\/\\\/www.gaidaphotos.com\\\/blog\\\/2016\\\/08\\\/16\\\/sommerzauber-auf-dem-maternusplatz-2016\\\/\"},\"wordCount\":239,\"commentCount\":2,\"publisher\":{\"@id\":\"https:\\\/\\\/www.gaidaphotos.com\\\/blog\\\/#organization\"},\"image\":{\"@id\":\"https:\\\/\\\/www.gaidaphotos.com\\\/blog\\\/2016\\\/08\\\/16\\\/sommerzauber-auf-dem-maternusplatz-2016\\\/#primaryimage\"},\"thumbnailUrl\":\"https:\\\/\\\/i0.wp.com\\\/www.gaidaphotos.com\\\/blog\\\/wp-content\\\/uploads\\\/ngg_featured\\\/sommerzauber-maternusplatz-2016-01.jpg?fit=1024%2C700&ssl=1\",\"keywords\":[\"Freizeit-Ideen\",\"K\u00f6ln Rodenkirchen\"],\"articleSection\":[\"K\u00f6ln Rodenkirchen Freizeit\"],\"inLanguage\":\"de\",\"potentialAction\":[{\"@type\":\"CommentAction\",\"name\":\"Comment\",\"target\":[\"https:\\\/\\\/www.gaidaphotos.com\\\/blog\\\/2016\\\/08\\\/16\\\/sommerzauber-auf-dem-maternusplatz-2016\\\/#respond\"]}]},{\"@type\":\"WebPage\",\"@id\":\"https:\\\/\\\/www.gaidaphotos.com\\\/blog\\\/2016\\\/08\\\/16\\\/sommerzauber-auf-dem-maternusplatz-2016\\\/\",\"url\":\"https:\\\/\\\/www.gaidaphotos.com\\\/blog\\\/2016\\\/08\\\/16\\\/sommerzauber-auf-dem-maternusplatz-2016\\\/\",\"name\":\"Sommerzauber auf dem Maternusplatz 2016 - K\u00f6ln Rodenkirchen und die Welt\",\"isPartOf\":{\"@id\":\"https:\\\/\\\/www.gaidaphotos.com\\\/blog\\\/#website\"},\"primaryImageOfPage\":{\"@id\":\"https:\\\/\\\/www.gaidaphotos.com\\\/blog\\\/2016\\\/08\\\/16\\\/sommerzauber-auf-dem-maternusplatz-2016\\\/#primaryimage\"},\"image\":{\"@id\":\"https:\\\/\\\/www.gaidaphotos.com\\\/blog\\\/2016\\\/08\\\/16\\\/sommerzauber-auf-dem-maternusplatz-2016\\\/#primaryimage\"},\"thumbnailUrl\":\"https:\\\/\\\/i0.wp.com\\\/www.gaidaphotos.com\\\/blog\\\/wp-content\\\/uploads\\\/ngg_featured\\\/sommerzauber-maternusplatz-2016-01.jpg?fit=1024%2C700&ssl=1\",\"datePublished\":\"2016-08-16T15:24:37+00:00\",\"dateModified\":\"2020-08-14T08:57:31+00:00\",\"description\":\"Unter dem Motto \\\"Sommerzauber auf dem Maternusplatz\\\" gibt es jeden Mittwoch im August 2016 eine kostenlose Zaubershow f\u00fcr Kinder und Zauberfreunde\",\"breadcrumb\":{\"@id\":\"https:\\\/\\\/www.gaidaphotos.com\\\/blog\\\/2016\\\/08\\\/16\\\/sommerzauber-auf-dem-maternusplatz-2016\\\/#breadcrumb\"},\"inLanguage\":\"de\",\"potentialAction\":[{\"@type\":\"ReadAction\",\"target\":[\"https:\\\/\\\/www.gaidaphotos.com\\\/blog\\\/2016\\\/08\\\/16\\\/sommerzauber-auf-dem-maternusplatz-2016\\\/\"]}]},{\"@type\":\"ImageObject\",\"inLanguage\":\"de\",\"@id\":\"https:\\\/\\\/www.gaidaphotos.com\\\/blog\\\/2016\\\/08\\\/16\\\/sommerzauber-auf-dem-maternusplatz-2016\\\/#primaryimage\",\"url\":\"https:\\\/\\\/i0.wp.com\\\/www.gaidaphotos.com\\\/blog\\\/wp-content\\\/uploads\\\/ngg_featured\\\/sommerzauber-maternusplatz-2016-01.jpg?fit=1024%2C700&ssl=1\",\"contentUrl\":\"https:\\\/\\\/i0.wp.com\\\/www.gaidaphotos.com\\\/blog\\\/wp-content\\\/uploads\\\/ngg_featured\\\/sommerzauber-maternusplatz-2016-01.jpg?fit=1024%2C700&ssl=1\",\"width\":1024,\"height\":700},{\"@type\":\"BreadcrumbList\",\"@id\":\"https:\\\/\\\/www.gaidaphotos.com\\\/blog\\\/2016\\\/08\\\/16\\\/sommerzauber-auf-dem-maternusplatz-2016\\\/#breadcrumb\",\"itemListElement\":[{\"@type\":\"ListItem\",\"position\":1,\"name\":\"Startseite\",\"item\":\"https:\\\/\\\/www.gaidaphotos.com\\\/blog\\\/\"},{\"@type\":\"ListItem\",\"position\":2,\"name\":\"Sommerzauber auf dem Maternusplatz 2016\"}]},{\"@type\":\"WebSite\",\"@id\":\"https:\\\/\\\/www.gaidaphotos.com\\\/blog\\\/#website\",\"url\":\"https:\\\/\\\/www.gaidaphotos.com\\\/blog\\\/\",\"name\":\"K\u00f6ln Rodenkirchen und die Welt\",\"description\":\"Einkaufen, Restaurants, Freizeit, Nachrichten und was uns sonst bewegt und begegnet\",\"publisher\":{\"@id\":\"https:\\\/\\\/www.gaidaphotos.com\\\/blog\\\/#organization\"},\"potentialAction\":[{\"@type\":\"SearchAction\",\"target\":{\"@type\":\"EntryPoint\",\"urlTemplate\":\"https:\\\/\\\/www.gaidaphotos.com\\\/blog\\\/?s={search_term_string}\"},\"query-input\":{\"@type\":\"PropertyValueSpecification\",\"valueRequired\":true,\"valueName\":\"search_term_string\"}}],\"inLanguage\":\"de\"},{\"@type\":\"Organization\",\"@id\":\"https:\\\/\\\/www.gaidaphotos.com\\\/blog\\\/#organization\",\"name\":\"gaidaphotos\",\"url\":\"https:\\\/\\\/www.gaidaphotos.com\\\/blog\\\/\",\"logo\":{\"@type\":\"ImageObject\",\"inLanguage\":\"de\",\"@id\":\"https:\\\/\\\/www.gaidaphotos.com\\\/blog\\\/#\\\/schema\\\/logo\\\/image\\\/\",\"url\":\"https:\\\/\\\/i0.wp.com\\\/www.gaidaphotos.com\\\/blog\\\/wp-content\\\/uploads\\\/2020\\\/07\\\/GAIDAPHOTOS-COM.jpg?fit=160%2C96&ssl=1\",\"contentUrl\":\"https:\\\/\\\/i0.wp.com\\\/www.gaidaphotos.com\\\/blog\\\/wp-content\\\/uploads\\\/2020\\\/07\\\/GAIDAPHOTOS-COM.jpg?fit=160%2C96&ssl=1\",\"width\":160,\"height\":96,\"caption\":\"gaidaphotos\"},\"image\":{\"@id\":\"https:\\\/\\\/www.gaidaphotos.com\\\/blog\\\/#\\\/schema\\\/logo\\\/image\\\/\"},\"sameAs\":[\"https:\\\/\\\/www.facebook.com\\\/Koeln.Rodenkirchen\",\"https:\\\/\\\/x.com\\\/gaidaphotos\",\"https:\\\/\\\/instagram.com\\\/gaidaphotos\\\/\",\"https:\\\/\\\/de.linkedin.com\\\/in\\\/gaidaphotos\",\"https:\\\/\\\/myspace.com\\\/gaidaphotos\",\"https:\\\/\\\/www.pinterest.com\\\/gaidaphotos\\\/\",\"https:\\\/\\\/www.youtube.com\\\/user\\\/gaidaphotos\"]},{\"@type\":\"Person\",\"@id\":\"https:\\\/\\\/www.gaidaphotos.com\\\/blog\\\/#\\\/schema\\\/person\\\/6c444a5b13ffc503c5c32f5a9ec68b21\",\"name\":\"Thomas\",\"sameAs\":[\"https:\\\/\\\/www.gaidaphotos.com\",\"https:\\\/\\\/www.facebook.com\\\/gaidaphotos\",\"https:\\\/\\\/instagram.com\\\/gaidaphotos\\\/\",\"https:\\\/\\\/www.linkedin.com\\\/in\\\/gaidaphotos\",\"http:\\\/\\\/www.pinterest.com\\\/gaidaphotos\\\/\",\"https:\\\/\\\/x.com\\\/gaidaphotos\",\"https:\\\/\\\/myspace.com\\\/gaidaphotos\",\"https:\\\/\\\/www.youtube.com\\\/user\\\/gaidaphotos\",\"https:\\\/\\\/gaidaphotos.tumblr.com\\\/\"]}]}<\/script>\n<!-- \/ Yoast SEO plugin. -->","yoast_head_json":{"title":"Sommerzauber auf dem Maternusplatz 2016 - K\u00f6ln Rodenkirchen und die Welt","description":"Unter dem Motto \"Sommerzauber auf dem Maternusplatz\" gibt es jeden Mittwoch im August 2016 eine kostenlose Zaubershow f\u00fcr Kinder und Zauberfreunde","robots":{"index":"index","follow":"follow","max-snippet":"max-snippet:-1","max-image-preview":"max-image-preview:large","max-video-preview":"max-video-preview:-1"},"canonical":"https:\/\/www.gaidaphotos.com\/blog\/2016\/08\/16\/sommerzauber-auf-dem-maternusplatz-2016\/","og_locale":"de_DE","og_type":"article","og_title":"Sommerzauber auf dem Maternusplatz 2016 - K\u00f6ln Rodenkirchen und die Welt","og_description":"Unter dem Motto \"Sommerzauber auf dem Maternusplatz\" gibt es jeden Mittwoch im August 2016 eine kostenlose Zaubershow f\u00fcr Kinder und Zauberfreunde","og_url":"https:\/\/www.gaidaphotos.com\/blog\/2016\/08\/16\/sommerzauber-auf-dem-maternusplatz-2016\/","og_site_name":"K\u00f6ln Rodenkirchen und die Welt","article_publisher":"https:\/\/www.facebook.com\/Koeln.Rodenkirchen","article_author":"https:\/\/www.facebook.com\/gaidaphotos","article_published_time":"2016-08-16T15:24:37+00:00","article_modified_time":"2020-08-14T08:57:31+00:00","og_image":[{"width":1024,"height":700,"url":"https:\/\/i1.wp.com\/www.gaidaphotos.com\/blog\/wp-content\/uploads\/ngg_featured\/sommerzauber-maternusplatz-2016-01.jpg?fit=1024%2C700&ssl=1","type":"image\/jpeg"}],"author":"Thomas","twitter_card":"summary_large_image","twitter_creator":"@gaidaphotos","twitter_site":"@gaidaphotos","twitter_misc":{"Verfasst von":"Thomas","Gesch\u00e4tzte Lesezeit":"1\u00a0Minute"},"schema":{"@context":"https:\/\/schema.org","@graph":[{"@type":"Article","@id":"https:\/\/www.gaidaphotos.com\/blog\/2016\/08\/16\/sommerzauber-auf-dem-maternusplatz-2016\/#article","isPartOf":{"@id":"https:\/\/www.gaidaphotos.com\/blog\/2016\/08\/16\/sommerzauber-auf-dem-maternusplatz-2016\/"},"author":{"name":"Thomas","@id":"https:\/\/www.gaidaphotos.com\/blog\/#\/schema\/person\/6c444a5b13ffc503c5c32f5a9ec68b21"},"headline":"Sommerzauber auf dem Maternusplatz 2016","datePublished":"2016-08-16T15:24:37+00:00","dateModified":"2020-08-14T08:57:31+00:00","mainEntityOfPage":{"@id":"https:\/\/www.gaidaphotos.com\/blog\/2016\/08\/16\/sommerzauber-auf-dem-maternusplatz-2016\/"},"wordCount":239,"commentCount":2,"publisher":{"@id":"https:\/\/www.gaidaphotos.com\/blog\/#organization"},"image":{"@id":"https:\/\/www.gaidaphotos.com\/blog\/2016\/08\/16\/sommerzauber-auf-dem-maternusplatz-2016\/#primaryimage"},"thumbnailUrl":"https:\/\/i0.wp.com\/www.gaidaphotos.com\/blog\/wp-content\/uploads\/ngg_featured\/sommerzauber-maternusplatz-2016-01.jpg?fit=1024%2C700&ssl=1","keywords":["Freizeit-Ideen","K\u00f6ln Rodenkirchen"],"articleSection":["K\u00f6ln Rodenkirchen Freizeit"],"inLanguage":"de","potentialAction":[{"@type":"CommentAction","name":"Comment","target":["https:\/\/www.gaidaphotos.com\/blog\/2016\/08\/16\/sommerzauber-auf-dem-maternusplatz-2016\/#respond"]}]},{"@type":"WebPage","@id":"https:\/\/www.gaidaphotos.com\/blog\/2016\/08\/16\/sommerzauber-auf-dem-maternusplatz-2016\/","url":"https:\/\/www.gaidaphotos.com\/blog\/2016\/08\/16\/sommerzauber-auf-dem-maternusplatz-2016\/","name":"Sommerzauber auf dem Maternusplatz 2016 - K\u00f6ln Rodenkirchen und die Welt","isPartOf":{"@id":"https:\/\/www.gaidaphotos.com\/blog\/#website"},"primaryImageOfPage":{"@id":"https:\/\/www.gaidaphotos.com\/blog\/2016\/08\/16\/sommerzauber-auf-dem-maternusplatz-2016\/#primaryimage"},"image":{"@id":"https:\/\/www.gaidaphotos.com\/blog\/2016\/08\/16\/sommerzauber-auf-dem-maternusplatz-2016\/#primaryimage"},"thumbnailUrl":"https:\/\/i0.wp.com\/www.gaidaphotos.com\/blog\/wp-content\/uploads\/ngg_featured\/sommerzauber-maternusplatz-2016-01.jpg?fit=1024%2C700&ssl=1","datePublished":"2016-08-16T15:24:37+00:00","dateModified":"2020-08-14T08:57:31+00:00","description":"Unter dem Motto \"Sommerzauber auf dem Maternusplatz\" gibt es jeden Mittwoch im August 2016 eine kostenlose Zaubershow f\u00fcr Kinder und Zauberfreunde","breadcrumb":{"@id":"https:\/\/www.gaidaphotos.com\/blog\/2016\/08\/16\/sommerzauber-auf-dem-maternusplatz-2016\/#breadcrumb"},"inLanguage":"de","potentialAction":[{"@type":"ReadAction","target":["https:\/\/www.gaidaphotos.com\/blog\/2016\/08\/16\/sommerzauber-auf-dem-maternusplatz-2016\/"]}]},{"@type":"ImageObject","inLanguage":"de","@id":"https:\/\/www.gaidaphotos.com\/blog\/2016\/08\/16\/sommerzauber-auf-dem-maternusplatz-2016\/#primaryimage","url":"https:\/\/i0.wp.com\/www.gaidaphotos.com\/blog\/wp-content\/uploads\/ngg_featured\/sommerzauber-maternusplatz-2016-01.jpg?fit=1024%2C700&ssl=1","contentUrl":"https:\/\/i0.wp.com\/www.gaidaphotos.com\/blog\/wp-content\/uploads\/ngg_featured\/sommerzauber-maternusplatz-2016-01.jpg?fit=1024%2C700&ssl=1","width":1024,"height":700},{"@type":"BreadcrumbList","@id":"https:\/\/www.gaidaphotos.com\/blog\/2016\/08\/16\/sommerzauber-auf-dem-maternusplatz-2016\/#breadcrumb","itemListElement":[{"@type":"ListItem","position":1,"name":"Startseite","item":"https:\/\/www.gaidaphotos.com\/blog\/"},{"@type":"ListItem","position":2,"name":"Sommerzauber auf dem Maternusplatz 2016"}]},{"@type":"WebSite","@id":"https:\/\/www.gaidaphotos.com\/blog\/#website","url":"https:\/\/www.gaidaphotos.com\/blog\/","name":"K\u00f6ln Rodenkirchen und die Welt","description":"Einkaufen, Restaurants, Freizeit, Nachrichten und was uns sonst bewegt und begegnet","publisher":{"@id":"https:\/\/www.gaidaphotos.com\/blog\/#organization"},"potentialAction":[{"@type":"SearchAction","target":{"@type":"EntryPoint","urlTemplate":"https:\/\/www.gaidaphotos.com\/blog\/?s={search_term_string}"},"query-input":{"@type":"PropertyValueSpecification","valueRequired":true,"valueName":"search_term_string"}}],"inLanguage":"de"},{"@type":"Organization","@id":"https:\/\/www.gaidaphotos.com\/blog\/#organization","name":"gaidaphotos","url":"https:\/\/www.gaidaphotos.com\/blog\/","logo":{"@type":"ImageObject","inLanguage":"de","@id":"https:\/\/www.gaidaphotos.com\/blog\/#\/schema\/logo\/image\/","url":"https:\/\/i0.wp.com\/www.gaidaphotos.com\/blog\/wp-content\/uploads\/2020\/07\/GAIDAPHOTOS-COM.jpg?fit=160%2C96&ssl=1","contentUrl":"https:\/\/i0.wp.com\/www.gaidaphotos.com\/blog\/wp-content\/uploads\/2020\/07\/GAIDAPHOTOS-COM.jpg?fit=160%2C96&ssl=1","width":160,"height":96,"caption":"gaidaphotos"},"image":{"@id":"https:\/\/www.gaidaphotos.com\/blog\/#\/schema\/logo\/image\/"},"sameAs":["https:\/\/www.facebook.com\/Koeln.Rodenkirchen","https:\/\/x.com\/gaidaphotos","https:\/\/instagram.com\/gaidaphotos\/","https:\/\/de.linkedin.com\/in\/gaidaphotos","https:\/\/myspace.com\/gaidaphotos","https:\/\/www.pinterest.com\/gaidaphotos\/","https:\/\/www.youtube.com\/user\/gaidaphotos"]},{"@type":"Person","@id":"https:\/\/www.gaidaphotos.com\/blog\/#\/schema\/person\/6c444a5b13ffc503c5c32f5a9ec68b21","name":"Thomas","sameAs":["https:\/\/www.gaidaphotos.com","https:\/\/www.facebook.com\/gaidaphotos","https:\/\/instagram.com\/gaidaphotos\/","https:\/\/www.linkedin.com\/in\/gaidaphotos","http:\/\/www.pinterest.com\/gaidaphotos\/","https:\/\/x.com\/gaidaphotos","https:\/\/myspace.com\/gaidaphotos","https:\/\/www.youtube.com\/user\/gaidaphotos","https:\/\/gaidaphotos.tumblr.com\/"]}]}},"jetpack_publicize_connections":[],"jetpack_featured_media_url":"https:\/\/i0.wp.com\/www.gaidaphotos.com\/blog\/wp-content\/uploads\/ngg_featured\/sommerzauber-maternusplatz-2016-01.jpg?fit=1024%2C700&ssl=1","jetpack_sharing_enabled":true,"jetpack_likes_enabled":true,"jetpack-related-posts":[{"id":9836,"url":"https:\/\/www.gaidaphotos.com\/blog\/2017\/07\/26\/sommerzauber-in-rodenkirchen\/","url_meta":{"origin":9457,"position":0},"title":"Sommerzauber in Rodenkirchen 2017","author":"Thomas","date":"26. Juli 2017","format":false,"excerpt":"Kinderunterhaltung in den Sommerferien auf dem Maternusplatz Langweilen sich Ihre Kinder auch schon in den Sommerferien? Jedes Jahr das gleiche Spiel, erst kann die Schule nicht fr\u00fch genug enden, dann ist den Kindern langweilig. Und nat\u00fcrlich k\u00f6nnen die Eltern nicht auch 6 Wochen Urlaub machen, um die Kinder zu bespa\u00dfen.\u2026","rel":"","context":"In &quot;K\u00f6ln Rodenkirchen Einkaufen&quot;","block_context":{"text":"K\u00f6ln Rodenkirchen Einkaufen","link":"https:\/\/www.gaidaphotos.com\/blog\/category\/koeln-rodenkirchen\/koeln-rodenkirchen-einkaufen\/"},"img":{"alt_text":"","src":"https:\/\/i0.wp.com\/www.gaidaphotos.com\/blog\/wp-content\/uploads\/2017\/07\/sommerzauber-in-rodenkirchen-maternusplatz-2017.jpg?fit=1056%2C753&ssl=1&resize=350%2C200","width":350,"height":200,"srcset":"https:\/\/i0.wp.com\/www.gaidaphotos.com\/blog\/wp-content\/uploads\/2017\/07\/sommerzauber-in-rodenkirchen-maternusplatz-2017.jpg?fit=1056%2C753&ssl=1&resize=350%2C200 1x, https:\/\/i0.wp.com\/www.gaidaphotos.com\/blog\/wp-content\/uploads\/2017\/07\/sommerzauber-in-rodenkirchen-maternusplatz-2017.jpg?fit=1056%2C753&ssl=1&resize=525%2C300 1.5x, https:\/\/i0.wp.com\/www.gaidaphotos.com\/blog\/wp-content\/uploads\/2017\/07\/sommerzauber-in-rodenkirchen-maternusplatz-2017.jpg?fit=1056%2C753&ssl=1&resize=700%2C400 2x, https:\/\/i0.wp.com\/www.gaidaphotos.com\/blog\/wp-content\/uploads\/2017\/07\/sommerzauber-in-rodenkirchen-maternusplatz-2017.jpg?fit=1056%2C753&ssl=1&resize=1050%2C600 3x"},"classes":[]},{"id":9551,"url":"https:\/\/www.gaidaphotos.com\/blog\/2016\/11\/24\/winterzauber-in-rodenkirchen-2016\/","url_meta":{"origin":9457,"position":1},"title":"Winterzauber in Rodenkirchen 2016","author":"Thomas","date":"24. November 2016","format":false,"excerpt":"Winterzauber in Rodenkirchen Krippenweg 2016 Treffpunkt Rodenkirchen feiert mit Ihnen den Adventsbeginn auf den Maternusplatz. Eisstockschie\u00dfen, hochwertige Gastronomie im H\u00fcttendorf, Flashmob und Live-Musik bieten vorweihnachtliche Unterhaltung im Zentrum von Rodenkirchen. Das allj\u00e4hrliche Weihnachtsgewinnspiel und der Krippenweg laden w\u00e4hrend des gesamten Advent zum Bummel durch Rodenkirchen. Die AG Rodenkirchen hat sich\u2026","rel":"","context":"In &quot;K\u00f6ln Rodenkirchen Einkaufen&quot;","block_context":{"text":"K\u00f6ln Rodenkirchen Einkaufen","link":"https:\/\/www.gaidaphotos.com\/blog\/category\/koeln-rodenkirchen\/koeln-rodenkirchen-einkaufen\/"},"img":{"alt_text":"Winterzauber-Rodenkirchen-2015","src":"https:\/\/i0.wp.com\/www.gaidaphotos.com\/blog\/wp-content\/uploads\/ngg_featured\/rodenkirchen-winterzauber-2015-02.jpg?fit=1024%2C768&ssl=1&resize=350%2C200","width":350,"height":200,"srcset":"https:\/\/i0.wp.com\/www.gaidaphotos.com\/blog\/wp-content\/uploads\/ngg_featured\/rodenkirchen-winterzauber-2015-02.jpg?fit=1024%2C768&ssl=1&resize=350%2C200 1x, https:\/\/i0.wp.com\/www.gaidaphotos.com\/blog\/wp-content\/uploads\/ngg_featured\/rodenkirchen-winterzauber-2015-02.jpg?fit=1024%2C768&ssl=1&resize=525%2C300 1.5x, https:\/\/i0.wp.com\/www.gaidaphotos.com\/blog\/wp-content\/uploads\/ngg_featured\/rodenkirchen-winterzauber-2015-02.jpg?fit=1024%2C768&ssl=1&resize=700%2C400 2x"},"classes":[]},{"id":669,"url":"https:\/\/www.gaidaphotos.com\/blog\/2009\/06\/03\/roedenkirchener-sommertage\/","url_meta":{"origin":9457,"position":2},"title":"K\u00f6ln-Rodenkirchen: Hollywood auf dem Maternusplatz?","author":"Thomas","date":"3. Juni 2009","format":false,"excerpt":"Rodenkirchener Sommertage? Rodenkirchener Sommertage 20. und 21. Juni 2009 Die allseits beliebten Rodenkirchener Sommertage finden in diesem Jahr zum ersten Mal, man k\u00f6nnte sagen endlich, auf dem Maternusplatz in K\u00f6ln Rodenkirchen statt. Bei ausreichender Beteiligung sind die Rodenkirchener Sommertage auch auf der Maternusstra\u00dfe, Wilhelmstra\u00dfe und Augustastra\u00dfe in K\u00f6ln Rodenkirchen zu\u2026","rel":"","context":"In &quot;K\u00f6ln Rodenkirchen Einkaufen&quot;","block_context":{"text":"K\u00f6ln Rodenkirchen Einkaufen","link":"https:\/\/www.gaidaphotos.com\/blog\/category\/koeln-rodenkirchen\/koeln-rodenkirchen-einkaufen\/"},"img":{"alt_text":"Rodenkirchener Sommertage","src":"https:\/\/i0.wp.com\/www.gaidaphotos.com\/blog\/wp-content\/uploads\/2009\/06\/hollywood-koeln-rodenkirchen-172x300.jpg?resize=350%2C200&ssl=1","width":350,"height":200},"classes":[]},{"id":742,"url":"https:\/\/www.gaidaphotos.com\/blog\/2009\/06\/18\/koeln-rodenkirchen-verkaufsoffener-sonntag-sommertag\/","url_meta":{"origin":9457,"position":3},"title":"K\u00f6ln Rodenkirchen Einkaufen: verkaufsoffener Sonntag w\u00e4hrend der Rodenkirchener Sommertage","author":"Thomas","date":"18. Juni 2009","format":false,"excerpt":"K\u00f6ln Rodenkirchen Einkaufen: verkaufsoffener Sonntag w\u00e4hrend der Rodenkirchener Sommertage Nicht vergessen! Am kommenden Wochenende ist in K\u00f6ln Rodenkirchen auf dem Maternusplatz Strassenfest. Das Motto der Rodenkirchener Sommertage lautet \"Rodenkirchen im Hollywoodfieber\". Dazu gibt es Schn\u00e4ppchen beim Einkaufen, Musik und Tanz. Der Sonntag ist verkaufsoffen und man kann feiern und shoppen.\u2026","rel":"","context":"In &quot;K\u00f6ln&quot;","block_context":{"text":"K\u00f6ln","link":"https:\/\/www.gaidaphotos.com\/blog\/category\/koeln\/"},"img":{"alt_text":"Maternusplatz - Schauplatz der Rodenkirchener Sommertage","src":"https:\/\/i0.wp.com\/www.gaidaphotos.com\/blog\/wp-content\/uploads\/2009\/06\/koeln-rodenkirchener-sommertage-300x225.jpg?resize=350%2C200&ssl=1","width":350,"height":200},"classes":[]},{"id":8918,"url":"https:\/\/www.gaidaphotos.com\/blog\/2015\/06\/08\/treffpunkt-playa-de-maternusplatz\/","url_meta":{"origin":9457,"position":4},"title":"Treffpunkt Playa de Maternusplatz","author":"Thomas","date":"8. Juni 2015","format":false,"excerpt":"Treffpunkt Rodenkirchen stellt Liegest\u00fchle auf den Maternusplatz Donnerstag Nachmittag wollten wir unseren Augen kaum trauen. Pl\u00f6tzlich standen Liegest\u00fchle auf dem Maternusplatz in Rodenkirchen. Nachdem unser sch\u00f6nes Rheinufer schon als \"K\u00f6lsche Riviera\" bekannt ist, wird jetzt auch der Maternusplatz zum steinernen Strand mit Liegest\u00fchlen. Zu verdanken haben wir das der Aktionsgemeinschaft\u2026","rel":"","context":"In &quot;K\u00f6ln Rodenkirchen Einkaufen&quot;","block_context":{"text":"K\u00f6ln Rodenkirchen Einkaufen","link":"https:\/\/www.gaidaphotos.com\/blog\/category\/koeln-rodenkirchen\/koeln-rodenkirchen-einkaufen\/"},"img":{"alt_text":"","src":"https:\/\/i0.wp.com\/www.gaidaphotos.com\/blog\/wp-content\/uploads\/ngg_featured\/treffpunkt-rodenkirchen-maternusplatz.jpg?fit=768%2C1024&ssl=1&resize=350%2C200","width":350,"height":200,"srcset":"https:\/\/i0.wp.com\/www.gaidaphotos.com\/blog\/wp-content\/uploads\/ngg_featured\/treffpunkt-rodenkirchen-maternusplatz.jpg?fit=768%2C1024&ssl=1&resize=350%2C200 1x, https:\/\/i0.wp.com\/www.gaidaphotos.com\/blog\/wp-content\/uploads\/ngg_featured\/treffpunkt-rodenkirchen-maternusplatz.jpg?fit=768%2C1024&ssl=1&resize=525%2C300 1.5x, https:\/\/i0.wp.com\/www.gaidaphotos.com\/blog\/wp-content\/uploads\/ngg_featured\/treffpunkt-rodenkirchen-maternusplatz.jpg?fit=768%2C1024&ssl=1&resize=700%2C400 2x"},"classes":[]},{"id":2304,"url":"https:\/\/www.gaidaphotos.com\/blog\/2009\/12\/06\/koeln-rodenkirchen-verkaufsoffener-sonntag-nikolaus-grosses-programm\/","url_meta":{"origin":9457,"position":5},"title":"K\u00f6ln-Rodenkirchen: verkaufsoffener Sonntag &#8211; Nikolaus &#038; grosses B\u00fchnenprogramm","author":"Thomas","date":"6. Dezember 2009","format":false,"excerpt":"K\u00f6ln-Rodenkirchen: verkaufsoffener Sonntag - Nikolaus & grosses B\u00fchnenprogramm Auch in diesem Advent kommt der Nikolaus nach K\u00f6ln Rodenkirchen auf den Maternusplatz. Die Rodenkirchener feiern auch in diesem Jahr Nikolaus und Advent mit einem grossen B\u00fchnenprogramm auf dem Maternusplatz. Die Gesch\u00e4fte in K\u00f6ln Rodenkirchen haben daf\u00fcr von 12:00 bis 19:00h am\u2026","rel":"","context":"In &quot;K\u00f6ln Rodenkirchen&quot;","block_context":{"text":"K\u00f6ln Rodenkirchen","link":"https:\/\/www.gaidaphotos.com\/blog\/category\/koeln-rodenkirchen\/"},"img":{"alt_text":"","src":"https:\/\/i0.wp.com\/www.gaidaphotos.com\/blog\/wp-content\/uploads\/2009\/12\/koeln-rodenkirchen-verkaufsoffener-sonntag-03.jpg?resize=350%2C200&ssl=1","width":350,"height":200},"classes":[]}],"_links":{"self":[{"href":"https:\/\/www.gaidaphotos.com\/blog\/wp-json\/wp\/v2\/posts\/9457","targetHints":{"allow":["GET"]}}],"collection":[{"href":"https:\/\/www.gaidaphotos.com\/blog\/wp-json\/wp\/v2\/posts"}],"about":[{"href":"https:\/\/www.gaidaphotos.com\/blog\/wp-json\/wp\/v2\/types\/post"}],"author":[{"embeddable":true,"href":"https:\/\/www.gaidaphotos.com\/blog\/wp-json\/wp\/v2\/users\/6"}],"replies":[{"embeddable":true,"href":"https:\/\/www.gaidaphotos.com\/blog\/wp-json\/wp\/v2\/comments?post=9457"}],"version-history":[{"count":0,"href":"https:\/\/www.gaidaphotos.com\/blog\/wp-json\/wp\/v2\/posts\/9457\/revisions"}],"wp:featuredmedia":[{"embeddable":true,"href":"https:\/\/www.gaidaphotos.com\/blog\/wp-json\/wp\/v2\/media\/9468"}],"wp:attachment":[{"href":"https:\/\/www.gaidaphotos.com\/blog\/wp-json\/wp\/v2\/media?parent=9457"}],"wp:term":[{"taxonomy":"category","embeddable":true,"href":"https:\/\/www.gaidaphotos.com\/blog\/wp-json\/wp\/v2\/categories?post=9457"},{"taxonomy":"post_tag","embeddable":true,"href":"https:\/\/www.gaidaphotos.com\/blog\/wp-json\/wp\/v2\/tags?post=9457"}],"curies":[{"name":"wp","href":"https:\/\/api.w.org\/{rel}","templated":true}]}}