{"id":9488,"date":"2016-09-29T18:11:04","date_gmt":"2016-09-29T16:11:04","guid":{"rendered":"http:\/\/www.gaidaphotos.com\/blog\/?p=9488"},"modified":"2019-06-30T15:41:12","modified_gmt":"2019-06-30T13:41:12","slug":"photokina-2016-und-das-perfekte-weihnachtsgeschenk","status":"publish","type":"post","link":"https:\/\/www.gaidaphotos.com\/blog\/2016\/09\/29\/photokina-2016-und-das-perfekte-weihnachtsgeschenk\/","title":{"rendered":"photokina 2016 und das perfekte Weihnachtsgeschenk"},"content":{"rendered":"<h2>Das perfekte Weihnachtsgeschenk von der photokina 2016?<\/h2>\n<figure style=\"width: 255px\" class=\"wp-caption alignleft\"><a alt=\"photokina 2016\" href=\"https:\/\/i0.wp.com\/www.gaidaphotos.com\/blog\/wp-content\/gallery\/photokina-2016\/photokina-2016.jpg?ssl=1\" title=\"photokina 2016\"><img data-recalc-dims=\"1\" decoding=\"async\" src=\"https:\/\/i0.wp.com\/www.gaidaphotos.com\/blog\/wp-content\/gallery\/photokina-2016\/thumbs\/thumbs_photokina-2016.jpg?w=910&#038;ssl=1\" alt=\"photokina 2016\" align=\"middle\"><\/a><figcaption class=\"wp-caption-text\">photokina 2016<\/figcaption><\/figure>\n<p>Alle 2 Jahre ist die<strong> photokina in K\u00f6ln<\/strong> das Mekka der Foto- und Videografen. Wer in der Fotografie einen Namen hat oder sich einen machen will stellt auf der Leitmesse der Fotografie (photokina Eigenwerbung) aus. Doch was bietet die <strong>photokina f\u00fcr den Amateur<\/strong>?<\/p>\n<p>Ich habe mich nach den neuesten <strong>Trends <\/strong>und dem perfekten <strong>Weihnachtsgeschenk <\/strong>f\u00fcr den Foto- oder Video-Amateur umgesehen.<\/p>\n<p>Die photokina ist beeindruckend, auch wenn sie gr\u00f6\u00dfenm\u00e4\u00dfig auf die Gr\u00f6\u00dfe von vor dem digitalen Zeitalter geschrumpft ist. <strong>Technologische Fortschritte<\/strong> sind d\u00fcnn ges\u00e4t. Alle experimentieren mit noch mehr Aufl\u00f6sung f\u00fcr Megapixel und bis zu 8K Videos. Aber schon die Highlights der photokina 2016, Canon 5D Mark IV und Sony A 99II, zeigen, dass man an physikalische Grenzen gesto\u00dfen ist, die zur \u00dcberschreitung, v\u00f6llig neue Technologie erfordern. Aber die ist nicht in Sicht.<br \/>\nGleichzeitig fordern die Fortschritte bei Megapixeln den Fotograf. Die Kamera wird immer empfindlicher f\u00fcr Mikro-Verwacklungen und Aufl\u00f6sungsverlust durch Lichtbeugung und die Geldb\u00f6rse gleichzeitig f\u00fcr Makro Verwacklungen bei Preisen in den Tausendern. Selbst die spiegellosen Systemkameras sto\u00dfen an die 2.000 \u20ac Marke mit ihren Flagschiffen (Olympus).<\/p>\n<p>Und so bleibt f\u00fcr den Foto-Normalo nicht mehr als die unbezahlbare Qualit\u00e4t bei Kamerageh\u00e4usen und Objektiven zu bewundern.<\/p>\n<h4>Bezahlbare Objektive von hoher Qualit\u00e4t<\/h4>\n<p>Stattdessen geraten bei den klassischen Fotografen die <strong>Objektive <\/strong>st\u00e4rker in den Fokus. Auf der Suche nach mehr und gleichzeitig bezahlbarer Qualit\u00e4t wenden sich immer mehr Amateur Fotografen den Objektiven zu. Und hier hat sich einiges getan. Die neuen Sensoren mit 50+ MP verlangen entsprechende Objektive. Und neue Technologien, z.B. bei der Verg\u00fctung, bringen immer mehr Aufl\u00f6sung.<br \/>\nSigma und Tamron ist es zu verdanken, dass diese neuen Objektive jetzt auch zu bezahlbaren Preisen angeboten werden.<\/p>\n<h3>Von Drohnen, 360\u00b0 Kameras und Aktion-Kameras<\/h3>\n<figure style=\"width: 255px\" class=\"wp-caption alignleft\"><a alt=\"photokina 2016\" href=\"https:\/\/i0.wp.com\/www.gaidaphotos.com\/blog\/wp-content\/gallery\/photokina-2016\/photokina-vr-brille.jpg?ssl=1\" title=\"photokina 2016\"><img data-recalc-dims=\"1\" decoding=\"async\" src=\"https:\/\/i0.wp.com\/www.gaidaphotos.com\/blog\/wp-content\/gallery\/photokina-2016\/thumbs\/thumbs_photokina-vr-brille.jpg?w=910&#038;ssl=1\" alt=\"photokina 2016\" align=\"middle\"><\/a><figcaption class=\"wp-caption-text\">VR Brillen<\/figcaption><\/figure>\n<p><strong>VR &#8222;Virtuelle Realit\u00e4t&#8220;<\/strong> ist das gro\u00dfe Technologiethema, dass neben der Foto und Video auch Smartphones, VR-Brillen und sogar PCs betrifft.<br \/>\nAuch die virtuelle Realit\u00e4t braucht eine 360\u00b0 Sicht auf die Welt und daf\u00fcr braucht man die neuen 360\u00b0 Kameras.<\/p>\n<p>\u00dcberraschenderweise spielt <strong>Nikon <\/strong>hier mit. Bei den Spiegelreflexkameras liegt man mit Sony an der Spitze, Spiegellose nimmt man nicht wirklich ernst aber daf\u00fcr steigt Nikon in die 360\u00b0 Welt ein.<br \/>\n<strong>Nikon KeyMission 360<\/strong> &#8211; 499,- \u20ac, sph\u00e4rische 360\u00b0-4K\/UHD\u00b9-Filmsequenzen und Fotos mit 23,9 Megapixel ohne toten Winkel, wasserdicht, sto\u00dffest, k\u00e4ltebest\u00e4ndig, staubdicht<\/p>\n<p>Und wir werden uns daran gew\u00f6hnen m\u00fcssen, mit VR Brillen der Realit\u00e4t zu entfliehen. Bis wir alle mit Brillen durch die Welt laufen und nur das sehen, was uns gef\u00e4llt?<\/p>\n<figure style=\"width: 255px\" class=\"wp-caption alignleft\"><a href=\"https:\/\/i0.wp.com\/www.gaidaphotos.com\/blog\/wp-content\/gallery\/photokina-2016\/Kodak-4K-360-Kamera.jpg?ssl=1\" title=\" \"><img data-recalc-dims=\"1\" decoding=\"async\" src=\"https:\/\/i0.wp.com\/www.gaidaphotos.com\/blog\/wp-content\/gallery\/photokina-2016\/thumbs\/thumbs_Kodak-4K-360-Kamera.jpg?w=910&#038;ssl=1\" alt=\"Kodak-4K-360-Kamera\" align=\"middle\"><\/a><figcaption class=\"wp-caption-text\">Kodak 4K 360\u00b0 Kamera<\/figcaption><\/figure>\n<p>Auch <strong>Kodak <\/strong>meldet sich zur\u00fcck und stellt eine neue <strong>4K 360\u00b0 Kamera<\/strong> auf der photokina vor.<br \/>\nWo Nikon zwei Objektive, zwei Sensoren und zwei Prozessor f\u00fcr das 360\u00b0 Bild verwendet, reicht Kodak eine Einheit f\u00fcr eine 335\u00b0 FOV\/Ultraweitwinkel und 4K Video Kamera. Auch dieses Geh\u00e4use ist robust gesch\u00fctzt und steht der Nikon Kamera im Preis nicht nach.<br \/>\nVorteil Nikon, bei Kodak braucht man zwei Kameras f\u00fcr echte 360\u00b0 und muss die Bilder\/Videos hinterher separat zusammensetzen. So eignet sich die Kodak vor allem f\u00fcr spektakul\u00e4re Aktion Bilder im POV Modus bei dem ein Teil der Realit\u00e4t verloren gehen darf.<\/p>\n<p>Der Markt giert f\u00f6rmlich nach einfachen <strong>Kameras f\u00fcr 360\u00b0 Aufnahmen<\/strong>. Hotels, Freizeit-Parks, Urlaubsb\u00e4der und nicht zuletzt Immobilienmakler wollen so ihr Angebot virtuell begehbar machen. Lohnt sich aber die Anschaffung f\u00fcr den Video-Amateur und Technik-Freak? Das ist sehr begrenzt. Die neuen Youtuber werden sicher bald mit 360\u00b0 Video arbeiten. Aber wer nichts zu sagen und nichts zu zeigen hat braucht das nicht in 3D zu tun.<\/p>\n<h4>Drohnen mit Kamera oder Drohnen f\u00fcr Kameras?<\/h4>\n<figure style=\"width: 255px\" class=\"wp-caption alignright\"><a alt=\"GoPro Drohne\" href=\"https:\/\/i0.wp.com\/www.gaidaphotos.com\/blog\/wp-content\/gallery\/photokina-2016\/GoPro-Karma-1.jpg?ssl=1\" title=\"GoPro Drohne\"><img data-recalc-dims=\"1\" decoding=\"async\" src=\"https:\/\/i0.wp.com\/www.gaidaphotos.com\/blog\/wp-content\/gallery\/photokina-2016\/thumbs\/thumbs_GoPro-Karma-1.jpg?w=910&#038;ssl=1\" alt=\"GoPro Drohne\" align=\"middle\"><\/a><figcaption class=\"wp-caption-text\">GoPro Drohne<\/figcaption><\/figure>\n<p>In den letzten Jahren war es um <strong>GoPro<\/strong>, den &#8222;Erfinder&#8220; der Aktion-Kamera, ruhig geworden. Man war Marktf\u00fchrer, technologisch ging es nicht weiter und der Markt war ges\u00e4ttigt. Jetzt kommt GoPro mit einer Drohne, genannt &#8222;Karma&#8220;, f\u00fcr die Hero5 und Hero4 Reihe auf den Markt. F\u00fcr stolze 869,99 \u20ac kann man die Hero fliegen lassen.<\/p>\n<p>Wer schon eine H4\/5 hat, kann so recht <strong>preiswert <\/strong>die Kamera zur Drohne <strong>aufr\u00fcsten<\/strong>. Wer beides zusammen kaufen muss, sollte sich zun\u00e4chst auf dem Markt f\u00fcr Drohnen umsehen. Denn die unterscheiden sich nicht nur bei der Bildqualit\u00e4t sondern vor allem in der Steuerbarkeit, der Reichweite, der Nutzlast und der Ausdauer. Eine Drohne mit eingebauter Kamera ist optimale abgestimmt, aber ist die Kamera defekt hilft die beste Drohne nichts.<\/p>\n<h3>Sofortbildkameras<\/h3>\n<figure style=\"width: 255px\" class=\"wp-caption alignleft\"><a alt=\"Leica Sofort 2\" href=\"https:\/\/i0.wp.com\/www.gaidaphotos.com\/blog\/wp-content\/gallery\/photokina-2016\/Leica-Sofort-2.jpg?ssl=1\" title=\"Leica Sofort\"><img data-recalc-dims=\"1\" decoding=\"async\" src=\"https:\/\/i0.wp.com\/www.gaidaphotos.com\/blog\/wp-content\/gallery\/photokina-2016\/thumbs\/thumbs_Leica-Sofort-2.jpg?w=910&#038;ssl=1\" alt=\"Leica Sofort 2\" align=\"middle\"><\/a><figcaption class=\"wp-caption-text\">Leica Sofortbildkamera<\/figcaption><\/figure>\n<p>Es ist kaum zu glauben. Knapp zehn Jahre nach dem Konkurs von Polaroid, dem Erfinder der <strong>Instantfotografie<\/strong>, sind <strong>Sofortbilder <\/strong>popul\u00e4rer denn je. Und das obwohl moderne Digitalkameras das ultimative &#8222;sofort&#8220; Bild liefern. Ein Bild das man teilen, verschicken, bearbeiten und dann auch noch drucken kann. W\u00e4hrend das &#8222;Sofortbild&#8220; ein einmaliges und teures Erlebnis ist.<br \/>\nAber vielleicht macht das ja den Reiz aus. Der <strong>Augenblick wird festgehalten<\/strong> und man muss mehrere Minuten warten, bevor man das Ergebnis sieht. Wer das Bild teilen will, der muss es fotografieren. Die Bildqualit\u00e4t ist auf einem niedrigen Niveau, bedingt durch das Bildmaterial. Details und Kontrast gibt es wenig. Mit zus\u00e4tzlichen Filtern kann man das wenige noch ver\u00e4ndern und verringern.<br \/>\nDie Fotos k\u00f6nnen anschlie\u00dfend bemalt, beklebt und beschriftet werden.<\/p>\n<p>Die <strong>Fujifilm Instax Kameras<\/strong> wurden bel\u00e4chelt und sind jetzt ein gro\u00dfer Hit. impossible baut ehemalige Polaroid Filme nach und ein eignes Kamerasystem, das bis zu 300 \u20ac kostet. Polaroid (oder wer auch immer den Namen gekauft hat) meldet sich ebenfalls zur\u00fcck.<\/p>\n<p>Was macht <strong>Leica <\/strong>bei den Sofortbildkameras fragt man sich? Denn die Bildqualit\u00e4t findet ihre nat\u00fcrliche Grenze in der (geringen) Aufl\u00f6sung und dem hohen Kontrast des Bildmaterials. Da kann man auch bei einer Leica keine au\u00dfergew\u00f6hnliche Bildqualit\u00e4t erwarten.<br \/>\nDa die teuren Sofortbildkameras eine gehobene K\u00e4uferschicht eher anspricht, findet sich Leica in diesem Segment gut aufgehoben. Dann muss die Mama nicht die Hello-Kitty-Kamera (von Fuji) der Tochter mit zur Party nehmen.<br \/>\nDie <strong>Leica Sofort<\/strong> soll 298 \u20ac kosten. 60mm Festbrennweite mit f\/12,7 Blende. Die Naheinstellgrenze liegt dabei bei rund 0,3 Metern (Makroaufnahmen). ISO 800, Verschlusszeiten 1\/8 bis 1\/400 Sekunde.<br \/>\nDie Kamera kommt mit verschiedenen Sondermodi, f\u00fcr jede Menge Spa\u00dfbilder: Makro, Langzeitbelichtung, Automatik, Selbstausl\u00f6ser, Party und Leute, Sport und Aktion, Doppelbelichtung, Selfie.<\/p>\n<h3>Einsteiger Systemkameras<\/h3>\n<figure style=\"width: 255px\" class=\"wp-caption alignleft\"><a alt=\"Canon EOS M5 18-105mm\" href=\"https:\/\/i0.wp.com\/www.gaidaphotos.com\/blog\/wp-content\/gallery\/photokina-2016\/EOS-M5-wEF-M-18-150mm-f3.5-6.3-IS-STM-FRT-02.jpg?ssl=1\" title=\"Canon EOS M5 18-105mm\"><img data-recalc-dims=\"1\" decoding=\"async\" src=\"https:\/\/i0.wp.com\/www.gaidaphotos.com\/blog\/wp-content\/gallery\/photokina-2016\/thumbs\/thumbs_EOS-M5-wEF-M-18-150mm-f3.5-6.3-IS-STM-FRT-02.jpg?w=910&#038;ssl=1\" alt=\"Canon EOS M5 18-105mm\" align=\"middle\"><\/a><figcaption class=\"wp-caption-text\">Canon EOS M5 EF-M 18-105mm f 3,5-6,3 IS STM<\/figcaption><\/figure>\n<p>Am meisten k\u00f6nnen sich Canon-Anh\u00e4nger \u00fcber die neue <strong>EOS M5<\/strong>, die spiegellose Systemkamera von Canon. Die spiegellose Kamera mit 24 MP im APS-C Sensorformat, Dual Pixel CMOS AF, 14 bit RAW und DIGIC 7 Prozessor l\u00e4\u00dft aufhorchen und hoffen. Denn die EOS M5 bringt die gleiche Technologie, die schon in der 5D Mark IV sowie der 80D gezeigt wird. Auch wenn der Kamera 4K Video fehlt, ist die M5 die erste Spiegellose von Canon, die mit der Konkurrenz mithalten kann.<br \/>\nMit einem Adapter lassen sich alle Objektive mit Standard EOS Kamera Anschluss an und f\u00fcr die M5 die Welt der Canon Objektive erschlie\u00dfen. Damit mausert sich die M5 zur idealen &#8222;Freizeitkamera&#8220; f\u00fcr Canon Kunden.<br \/>\nDie EOS M5 wird im November ausgeliefert und kostet voraussichtlich ab 1.200 \u20ac. Die im November ausgelieferten EOS M5 werden mit kostenlosem EOS EF-EOS M Adapter ausgeliefert (spart ca. 129 \u20ac).<\/p>\n<figure style=\"width: 255px\" class=\"wp-caption alignright\"><a alt=\"Nikon D-3400\" href=\"https:\/\/i0.wp.com\/www.gaidaphotos.com\/blog\/wp-content\/gallery\/photokina-2016\/Nikon-D3400.jpg?ssl=1\" title=\"Nikon D-3400\"><img data-recalc-dims=\"1\" decoding=\"async\" src=\"https:\/\/i0.wp.com\/www.gaidaphotos.com\/blog\/wp-content\/gallery\/photokina-2016\/thumbs\/thumbs_Nikon-D3400.jpg?w=910&#038;ssl=1\" alt=\"Nikon D-3400\" align=\"middle\"><\/a><figcaption class=\"wp-caption-text\">Nikon D3400 AF-P DX 18-55mm f 3,5 - 5,6 G VR<\/figcaption><\/figure>\n<p>W\u00e4hrend alle anderen Hersteller zur Photokina mit neuen Flagschiffen auftauchen, ruht sich Nikon auf den Lorbeeren der Vorjahre aus.<br \/>\nEinzige Ausnahme ist die <strong>Nikon D3400<\/strong>, die kaum von der D3300 zu unterscheiden ist. Wie auch die neue Canon EOS M5 hat die Nikon D3400 <strong>Bluetooth <\/strong>f\u00fcr eine st\u00e4ndige, stromsparende Verbindung mit dem Smartphone dabei. Die Videofunktion soll ebenfalls vereinfacht worden sein.<br \/>\nDas sind alles gute gr\u00fcnde den Preisrutsch bei der Nikon D3300 zu nutzen. Gegen\u00fcber der &#8222;Neuen D3400&#8220; ab 470,- \u20ac (Body, 570,- \u20ac Kit) die &#8222;Alte D3300 &#8220; ab ca. 330,- \u20ac spart fast 150 \u20ac, die man sogleich in ein besseres Objektiv investieren sollte.<\/p>\n<h4>Das war die photokina 2016<\/h4>\n<p>Das Smartphone hat den Konsumer fest im Griff, gerade bei der Fotografie. So zeigen sich bei der geschrumpften photokina 2016 die Fortschritte und Entwicklungen nur im Spitzenbereich, der fast schon Nische ist und sein wird (100+ MP Kameras).<br \/>\nDrohne und VR findet man ebenso auf der Spielzeug- wie der Computermesse. Hier muss die Branche zun\u00e4chst noch ihre Kompetenz beweisen. Die Schlacht wird nicht allein \u00fcber die Bildqualit\u00e4t gewonnen sondern \u00fcber die Verwendbarkeit.<br \/>\nSofortbilder sind wie Selfie-Sticks eine Modeerscheinung. Darauf kann man keine Branche bauen.<\/p>\n<p>Und so warten wir weiter auf das fotografische &#8222;Must Have&#8220; das der Branche ein paar goldene digitale Jahre beschert hat bevor sie jetzt wieder in der Realit\u00e4t der kleinen Schritte angekommen ist.<\/p>\n","protected":false},"excerpt":{"rendered":"<p>Das perfekte Weihnachtsgeschenk von der photokina 2016? Alle 2 Jahre ist die photokina in K\u00f6ln das Mekka der Foto- und<\/p>\n","protected":false},"author":6,"featured_media":9505,"comment_status":"open","ping_status":"open","sticky":false,"template":"","format":"standard","meta":{"_crdt_document":"","ngg_post_thumbnail":0,"jetpack_post_was_ever_published":false,"_jetpack_newsletter_access":"","_jetpack_dont_email_post_to_subs":false,"_jetpack_newsletter_tier_id":0,"_jetpack_memberships_contains_paywalled_content":false,"_jetpack_memberships_contains_paid_content":false,"footnotes":"","jetpack_publicize_message":"","jetpack_publicize_feature_enabled":true,"jetpack_social_post_already_shared":true,"jetpack_social_options":{"image_generator_settings":{"template":"highway","default_image_id":0,"font":"","enabled":false},"version":2}},"categories":[282,98],"tags":[108,557,307,86,544,536],"class_list":["post-9488","post","type-post","status-publish","format-standard","has-post-thumbnail","hentry","category-foto-kurs-fotografieren","category-koeln","tag-einkaufen","tag-foto-kurs","tag-foto-tips","tag-fotografie","tag-koeln","tag-weihnachten"],"yoast_head":"<!-- This site is optimized with the Yoast SEO plugin v27.5 - https:\/\/yoast.com\/product\/yoast-seo-wordpress\/ -->\n<title>photokina 2016 und das perfekte Weihnachtsgeschenk - K\u00f6ln Rodenkirchen und die Welt<\/title>\n<meta name=\"description\" content=\"Das perfekte Weihnachtsgeschenk von der photokina? Das wars f\u00fcr Einsteiger und Amateure auf der Messe 2016 - viele Fotos und Links, Empfehlungen\" \/>\n<meta name=\"robots\" content=\"index, follow, max-snippet:-1, max-image-preview:large, max-video-preview:-1\" \/>\n<link rel=\"canonical\" href=\"https:\/\/www.gaidaphotos.com\/blog\/2016\/09\/29\/photokina-2016-und-das-perfekte-weihnachtsgeschenk\/\" \/>\n<meta property=\"og:locale\" content=\"de_DE\" \/>\n<meta property=\"og:type\" content=\"article\" \/>\n<meta property=\"og:title\" content=\"photokina 2016 und das perfekte Weihnachtsgeschenk - K\u00f6ln Rodenkirchen und die Welt\" \/>\n<meta property=\"og:description\" content=\"Das perfekte Weihnachtsgeschenk von der photokina? Das wars f\u00fcr Einsteiger und Amateure auf der Messe 2016 - viele Fotos und Links, Empfehlungen\" \/>\n<meta property=\"og:url\" content=\"https:\/\/www.gaidaphotos.com\/blog\/2016\/09\/29\/photokina-2016-und-das-perfekte-weihnachtsgeschenk\/\" \/>\n<meta property=\"og:site_name\" content=\"K\u00f6ln Rodenkirchen und die Welt\" \/>\n<meta property=\"article:publisher\" content=\"https:\/\/www.facebook.com\/Koeln.Rodenkirchen\" \/>\n<meta property=\"article:author\" content=\"https:\/\/www.facebook.com\/gaidaphotos\" \/>\n<meta property=\"article:published_time\" content=\"2016-09-29T16:11:04+00:00\" \/>\n<meta property=\"article:modified_time\" content=\"2019-06-30T13:41:12+00:00\" \/>\n<meta property=\"og:image\" content=\"https:\/\/i2.wp.com\/www.gaidaphotos.com\/blog\/wp-content\/uploads\/ngg_featured\/photokina-2016.jpg?fit=1024%2C768&ssl=1\" \/>\n\t<meta property=\"og:image:width\" content=\"1024\" \/>\n\t<meta property=\"og:image:height\" content=\"768\" \/>\n\t<meta property=\"og:image:type\" content=\"image\/jpeg\" \/>\n<meta name=\"author\" content=\"Thomas\" \/>\n<meta name=\"twitter:card\" content=\"summary_large_image\" \/>\n<meta name=\"twitter:creator\" content=\"@gaidaphotos\" \/>\n<meta name=\"twitter:site\" content=\"@gaidaphotos\" \/>\n<meta name=\"twitter:label1\" content=\"Verfasst von\" \/>\n\t<meta name=\"twitter:data1\" content=\"Thomas\" \/>\n\t<meta name=\"twitter:label2\" content=\"Gesch\u00e4tzte Lesezeit\" \/>\n\t<meta name=\"twitter:data2\" content=\"7\u00a0Minuten\" \/>\n<script type=\"application\/ld+json\" class=\"yoast-schema-graph\">{\"@context\":\"https:\\\/\\\/schema.org\",\"@graph\":[{\"@type\":\"Article\",\"@id\":\"https:\\\/\\\/www.gaidaphotos.com\\\/blog\\\/2016\\\/09\\\/29\\\/photokina-2016-und-das-perfekte-weihnachtsgeschenk\\\/#article\",\"isPartOf\":{\"@id\":\"https:\\\/\\\/www.gaidaphotos.com\\\/blog\\\/2016\\\/09\\\/29\\\/photokina-2016-und-das-perfekte-weihnachtsgeschenk\\\/\"},\"author\":{\"name\":\"Thomas\",\"@id\":\"https:\\\/\\\/www.gaidaphotos.com\\\/blog\\\/#\\\/schema\\\/person\\\/6c444a5b13ffc503c5c32f5a9ec68b21\"},\"headline\":\"photokina 2016 und das perfekte Weihnachtsgeschenk\",\"datePublished\":\"2016-09-29T16:11:04+00:00\",\"dateModified\":\"2019-06-30T13:41:12+00:00\",\"mainEntityOfPage\":{\"@id\":\"https:\\\/\\\/www.gaidaphotos.com\\\/blog\\\/2016\\\/09\\\/29\\\/photokina-2016-und-das-perfekte-weihnachtsgeschenk\\\/\"},\"wordCount\":1489,\"commentCount\":1,\"publisher\":{\"@id\":\"https:\\\/\\\/www.gaidaphotos.com\\\/blog\\\/#organization\"},\"image\":{\"@id\":\"https:\\\/\\\/www.gaidaphotos.com\\\/blog\\\/2016\\\/09\\\/29\\\/photokina-2016-und-das-perfekte-weihnachtsgeschenk\\\/#primaryimage\"},\"thumbnailUrl\":\"https:\\\/\\\/i0.wp.com\\\/www.gaidaphotos.com\\\/blog\\\/wp-content\\\/uploads\\\/ngg_featured\\\/photokina-2016.jpg?fit=1024%2C768&ssl=1\",\"keywords\":[\"Einkaufen\\\/ Shopping\",\"Foto-Kurs\",\"Foto-Tips\",\"Fotografie\",\"K\u00f6ln\",\"Weihnachten\"],\"articleSection\":[\"Foto-Kurs : Fotografieren\",\"K\u00f6ln\"],\"inLanguage\":\"de\",\"potentialAction\":[{\"@type\":\"CommentAction\",\"name\":\"Comment\",\"target\":[\"https:\\\/\\\/www.gaidaphotos.com\\\/blog\\\/2016\\\/09\\\/29\\\/photokina-2016-und-das-perfekte-weihnachtsgeschenk\\\/#respond\"]}]},{\"@type\":\"WebPage\",\"@id\":\"https:\\\/\\\/www.gaidaphotos.com\\\/blog\\\/2016\\\/09\\\/29\\\/photokina-2016-und-das-perfekte-weihnachtsgeschenk\\\/\",\"url\":\"https:\\\/\\\/www.gaidaphotos.com\\\/blog\\\/2016\\\/09\\\/29\\\/photokina-2016-und-das-perfekte-weihnachtsgeschenk\\\/\",\"name\":\"photokina 2016 und das perfekte Weihnachtsgeschenk - K\u00f6ln Rodenkirchen und die Welt\",\"isPartOf\":{\"@id\":\"https:\\\/\\\/www.gaidaphotos.com\\\/blog\\\/#website\"},\"primaryImageOfPage\":{\"@id\":\"https:\\\/\\\/www.gaidaphotos.com\\\/blog\\\/2016\\\/09\\\/29\\\/photokina-2016-und-das-perfekte-weihnachtsgeschenk\\\/#primaryimage\"},\"image\":{\"@id\":\"https:\\\/\\\/www.gaidaphotos.com\\\/blog\\\/2016\\\/09\\\/29\\\/photokina-2016-und-das-perfekte-weihnachtsgeschenk\\\/#primaryimage\"},\"thumbnailUrl\":\"https:\\\/\\\/i0.wp.com\\\/www.gaidaphotos.com\\\/blog\\\/wp-content\\\/uploads\\\/ngg_featured\\\/photokina-2016.jpg?fit=1024%2C768&ssl=1\",\"datePublished\":\"2016-09-29T16:11:04+00:00\",\"dateModified\":\"2019-06-30T13:41:12+00:00\",\"description\":\"Das perfekte Weihnachtsgeschenk von der photokina? Das wars f\u00fcr Einsteiger und Amateure auf der Messe 2016 - viele Fotos und Links, Empfehlungen\",\"breadcrumb\":{\"@id\":\"https:\\\/\\\/www.gaidaphotos.com\\\/blog\\\/2016\\\/09\\\/29\\\/photokina-2016-und-das-perfekte-weihnachtsgeschenk\\\/#breadcrumb\"},\"inLanguage\":\"de\",\"potentialAction\":[{\"@type\":\"ReadAction\",\"target\":[\"https:\\\/\\\/www.gaidaphotos.com\\\/blog\\\/2016\\\/09\\\/29\\\/photokina-2016-und-das-perfekte-weihnachtsgeschenk\\\/\"]}]},{\"@type\":\"ImageObject\",\"inLanguage\":\"de\",\"@id\":\"https:\\\/\\\/www.gaidaphotos.com\\\/blog\\\/2016\\\/09\\\/29\\\/photokina-2016-und-das-perfekte-weihnachtsgeschenk\\\/#primaryimage\",\"url\":\"https:\\\/\\\/i0.wp.com\\\/www.gaidaphotos.com\\\/blog\\\/wp-content\\\/uploads\\\/ngg_featured\\\/photokina-2016.jpg?fit=1024%2C768&ssl=1\",\"contentUrl\":\"https:\\\/\\\/i0.wp.com\\\/www.gaidaphotos.com\\\/blog\\\/wp-content\\\/uploads\\\/ngg_featured\\\/photokina-2016.jpg?fit=1024%2C768&ssl=1\",\"width\":1024,\"height\":768},{\"@type\":\"BreadcrumbList\",\"@id\":\"https:\\\/\\\/www.gaidaphotos.com\\\/blog\\\/2016\\\/09\\\/29\\\/photokina-2016-und-das-perfekte-weihnachtsgeschenk\\\/#breadcrumb\",\"itemListElement\":[{\"@type\":\"ListItem\",\"position\":1,\"name\":\"Startseite\",\"item\":\"https:\\\/\\\/www.gaidaphotos.com\\\/blog\\\/\"},{\"@type\":\"ListItem\",\"position\":2,\"name\":\"photokina 2016 und das perfekte Weihnachtsgeschenk\"}]},{\"@type\":\"WebSite\",\"@id\":\"https:\\\/\\\/www.gaidaphotos.com\\\/blog\\\/#website\",\"url\":\"https:\\\/\\\/www.gaidaphotos.com\\\/blog\\\/\",\"name\":\"K\u00f6ln Rodenkirchen und die Welt\",\"description\":\"Einkaufen, Restaurants, Freizeit, Nachrichten und was uns sonst bewegt und begegnet\",\"publisher\":{\"@id\":\"https:\\\/\\\/www.gaidaphotos.com\\\/blog\\\/#organization\"},\"potentialAction\":[{\"@type\":\"SearchAction\",\"target\":{\"@type\":\"EntryPoint\",\"urlTemplate\":\"https:\\\/\\\/www.gaidaphotos.com\\\/blog\\\/?s={search_term_string}\"},\"query-input\":{\"@type\":\"PropertyValueSpecification\",\"valueRequired\":true,\"valueName\":\"search_term_string\"}}],\"inLanguage\":\"de\"},{\"@type\":\"Organization\",\"@id\":\"https:\\\/\\\/www.gaidaphotos.com\\\/blog\\\/#organization\",\"name\":\"gaidaphotos\",\"url\":\"https:\\\/\\\/www.gaidaphotos.com\\\/blog\\\/\",\"logo\":{\"@type\":\"ImageObject\",\"inLanguage\":\"de\",\"@id\":\"https:\\\/\\\/www.gaidaphotos.com\\\/blog\\\/#\\\/schema\\\/logo\\\/image\\\/\",\"url\":\"https:\\\/\\\/i0.wp.com\\\/www.gaidaphotos.com\\\/blog\\\/wp-content\\\/uploads\\\/2020\\\/07\\\/GAIDAPHOTOS-COM.jpg?fit=160%2C96&ssl=1\",\"contentUrl\":\"https:\\\/\\\/i0.wp.com\\\/www.gaidaphotos.com\\\/blog\\\/wp-content\\\/uploads\\\/2020\\\/07\\\/GAIDAPHOTOS-COM.jpg?fit=160%2C96&ssl=1\",\"width\":160,\"height\":96,\"caption\":\"gaidaphotos\"},\"image\":{\"@id\":\"https:\\\/\\\/www.gaidaphotos.com\\\/blog\\\/#\\\/schema\\\/logo\\\/image\\\/\"},\"sameAs\":[\"https:\\\/\\\/www.facebook.com\\\/Koeln.Rodenkirchen\",\"https:\\\/\\\/x.com\\\/gaidaphotos\",\"https:\\\/\\\/instagram.com\\\/gaidaphotos\\\/\",\"https:\\\/\\\/de.linkedin.com\\\/in\\\/gaidaphotos\",\"https:\\\/\\\/myspace.com\\\/gaidaphotos\",\"https:\\\/\\\/www.pinterest.com\\\/gaidaphotos\\\/\",\"https:\\\/\\\/www.youtube.com\\\/user\\\/gaidaphotos\"]},{\"@type\":\"Person\",\"@id\":\"https:\\\/\\\/www.gaidaphotos.com\\\/blog\\\/#\\\/schema\\\/person\\\/6c444a5b13ffc503c5c32f5a9ec68b21\",\"name\":\"Thomas\",\"sameAs\":[\"https:\\\/\\\/www.gaidaphotos.com\",\"https:\\\/\\\/www.facebook.com\\\/gaidaphotos\",\"https:\\\/\\\/instagram.com\\\/gaidaphotos\\\/\",\"https:\\\/\\\/www.linkedin.com\\\/in\\\/gaidaphotos\",\"http:\\\/\\\/www.pinterest.com\\\/gaidaphotos\\\/\",\"https:\\\/\\\/x.com\\\/gaidaphotos\",\"https:\\\/\\\/myspace.com\\\/gaidaphotos\",\"https:\\\/\\\/www.youtube.com\\\/user\\\/gaidaphotos\",\"https:\\\/\\\/gaidaphotos.tumblr.com\\\/\"]}]}<\/script>\n<!-- \/ Yoast SEO plugin. -->","yoast_head_json":{"title":"photokina 2016 und das perfekte Weihnachtsgeschenk - K\u00f6ln Rodenkirchen und die Welt","description":"Das perfekte Weihnachtsgeschenk von der photokina? Das wars f\u00fcr Einsteiger und Amateure auf der Messe 2016 - viele Fotos und Links, Empfehlungen","robots":{"index":"index","follow":"follow","max-snippet":"max-snippet:-1","max-image-preview":"max-image-preview:large","max-video-preview":"max-video-preview:-1"},"canonical":"https:\/\/www.gaidaphotos.com\/blog\/2016\/09\/29\/photokina-2016-und-das-perfekte-weihnachtsgeschenk\/","og_locale":"de_DE","og_type":"article","og_title":"photokina 2016 und das perfekte Weihnachtsgeschenk - K\u00f6ln Rodenkirchen und die Welt","og_description":"Das perfekte Weihnachtsgeschenk von der photokina? Das wars f\u00fcr Einsteiger und Amateure auf der Messe 2016 - viele Fotos und Links, Empfehlungen","og_url":"https:\/\/www.gaidaphotos.com\/blog\/2016\/09\/29\/photokina-2016-und-das-perfekte-weihnachtsgeschenk\/","og_site_name":"K\u00f6ln Rodenkirchen und die Welt","article_publisher":"https:\/\/www.facebook.com\/Koeln.Rodenkirchen","article_author":"https:\/\/www.facebook.com\/gaidaphotos","article_published_time":"2016-09-29T16:11:04+00:00","article_modified_time":"2019-06-30T13:41:12+00:00","og_image":[{"width":1024,"height":768,"url":"https:\/\/i2.wp.com\/www.gaidaphotos.com\/blog\/wp-content\/uploads\/ngg_featured\/photokina-2016.jpg?fit=1024%2C768&ssl=1","type":"image\/jpeg"}],"author":"Thomas","twitter_card":"summary_large_image","twitter_creator":"@gaidaphotos","twitter_site":"@gaidaphotos","twitter_misc":{"Verfasst von":"Thomas","Gesch\u00e4tzte Lesezeit":"7\u00a0Minuten"},"schema":{"@context":"https:\/\/schema.org","@graph":[{"@type":"Article","@id":"https:\/\/www.gaidaphotos.com\/blog\/2016\/09\/29\/photokina-2016-und-das-perfekte-weihnachtsgeschenk\/#article","isPartOf":{"@id":"https:\/\/www.gaidaphotos.com\/blog\/2016\/09\/29\/photokina-2016-und-das-perfekte-weihnachtsgeschenk\/"},"author":{"name":"Thomas","@id":"https:\/\/www.gaidaphotos.com\/blog\/#\/schema\/person\/6c444a5b13ffc503c5c32f5a9ec68b21"},"headline":"photokina 2016 und das perfekte Weihnachtsgeschenk","datePublished":"2016-09-29T16:11:04+00:00","dateModified":"2019-06-30T13:41:12+00:00","mainEntityOfPage":{"@id":"https:\/\/www.gaidaphotos.com\/blog\/2016\/09\/29\/photokina-2016-und-das-perfekte-weihnachtsgeschenk\/"},"wordCount":1489,"commentCount":1,"publisher":{"@id":"https:\/\/www.gaidaphotos.com\/blog\/#organization"},"image":{"@id":"https:\/\/www.gaidaphotos.com\/blog\/2016\/09\/29\/photokina-2016-und-das-perfekte-weihnachtsgeschenk\/#primaryimage"},"thumbnailUrl":"https:\/\/i0.wp.com\/www.gaidaphotos.com\/blog\/wp-content\/uploads\/ngg_featured\/photokina-2016.jpg?fit=1024%2C768&ssl=1","keywords":["Einkaufen\/ Shopping","Foto-Kurs","Foto-Tips","Fotografie","K\u00f6ln","Weihnachten"],"articleSection":["Foto-Kurs : Fotografieren","K\u00f6ln"],"inLanguage":"de","potentialAction":[{"@type":"CommentAction","name":"Comment","target":["https:\/\/www.gaidaphotos.com\/blog\/2016\/09\/29\/photokina-2016-und-das-perfekte-weihnachtsgeschenk\/#respond"]}]},{"@type":"WebPage","@id":"https:\/\/www.gaidaphotos.com\/blog\/2016\/09\/29\/photokina-2016-und-das-perfekte-weihnachtsgeschenk\/","url":"https:\/\/www.gaidaphotos.com\/blog\/2016\/09\/29\/photokina-2016-und-das-perfekte-weihnachtsgeschenk\/","name":"photokina 2016 und das perfekte Weihnachtsgeschenk - K\u00f6ln Rodenkirchen und die Welt","isPartOf":{"@id":"https:\/\/www.gaidaphotos.com\/blog\/#website"},"primaryImageOfPage":{"@id":"https:\/\/www.gaidaphotos.com\/blog\/2016\/09\/29\/photokina-2016-und-das-perfekte-weihnachtsgeschenk\/#primaryimage"},"image":{"@id":"https:\/\/www.gaidaphotos.com\/blog\/2016\/09\/29\/photokina-2016-und-das-perfekte-weihnachtsgeschenk\/#primaryimage"},"thumbnailUrl":"https:\/\/i0.wp.com\/www.gaidaphotos.com\/blog\/wp-content\/uploads\/ngg_featured\/photokina-2016.jpg?fit=1024%2C768&ssl=1","datePublished":"2016-09-29T16:11:04+00:00","dateModified":"2019-06-30T13:41:12+00:00","description":"Das perfekte Weihnachtsgeschenk von der photokina? Das wars f\u00fcr Einsteiger und Amateure auf der Messe 2016 - viele Fotos und Links, Empfehlungen","breadcrumb":{"@id":"https:\/\/www.gaidaphotos.com\/blog\/2016\/09\/29\/photokina-2016-und-das-perfekte-weihnachtsgeschenk\/#breadcrumb"},"inLanguage":"de","potentialAction":[{"@type":"ReadAction","target":["https:\/\/www.gaidaphotos.com\/blog\/2016\/09\/29\/photokina-2016-und-das-perfekte-weihnachtsgeschenk\/"]}]},{"@type":"ImageObject","inLanguage":"de","@id":"https:\/\/www.gaidaphotos.com\/blog\/2016\/09\/29\/photokina-2016-und-das-perfekte-weihnachtsgeschenk\/#primaryimage","url":"https:\/\/i0.wp.com\/www.gaidaphotos.com\/blog\/wp-content\/uploads\/ngg_featured\/photokina-2016.jpg?fit=1024%2C768&ssl=1","contentUrl":"https:\/\/i0.wp.com\/www.gaidaphotos.com\/blog\/wp-content\/uploads\/ngg_featured\/photokina-2016.jpg?fit=1024%2C768&ssl=1","width":1024,"height":768},{"@type":"BreadcrumbList","@id":"https:\/\/www.gaidaphotos.com\/blog\/2016\/09\/29\/photokina-2016-und-das-perfekte-weihnachtsgeschenk\/#breadcrumb","itemListElement":[{"@type":"ListItem","position":1,"name":"Startseite","item":"https:\/\/www.gaidaphotos.com\/blog\/"},{"@type":"ListItem","position":2,"name":"photokina 2016 und das perfekte Weihnachtsgeschenk"}]},{"@type":"WebSite","@id":"https:\/\/www.gaidaphotos.com\/blog\/#website","url":"https:\/\/www.gaidaphotos.com\/blog\/","name":"K\u00f6ln Rodenkirchen und die Welt","description":"Einkaufen, Restaurants, Freizeit, Nachrichten und was uns sonst bewegt und begegnet","publisher":{"@id":"https:\/\/www.gaidaphotos.com\/blog\/#organization"},"potentialAction":[{"@type":"SearchAction","target":{"@type":"EntryPoint","urlTemplate":"https:\/\/www.gaidaphotos.com\/blog\/?s={search_term_string}"},"query-input":{"@type":"PropertyValueSpecification","valueRequired":true,"valueName":"search_term_string"}}],"inLanguage":"de"},{"@type":"Organization","@id":"https:\/\/www.gaidaphotos.com\/blog\/#organization","name":"gaidaphotos","url":"https:\/\/www.gaidaphotos.com\/blog\/","logo":{"@type":"ImageObject","inLanguage":"de","@id":"https:\/\/www.gaidaphotos.com\/blog\/#\/schema\/logo\/image\/","url":"https:\/\/i0.wp.com\/www.gaidaphotos.com\/blog\/wp-content\/uploads\/2020\/07\/GAIDAPHOTOS-COM.jpg?fit=160%2C96&ssl=1","contentUrl":"https:\/\/i0.wp.com\/www.gaidaphotos.com\/blog\/wp-content\/uploads\/2020\/07\/GAIDAPHOTOS-COM.jpg?fit=160%2C96&ssl=1","width":160,"height":96,"caption":"gaidaphotos"},"image":{"@id":"https:\/\/www.gaidaphotos.com\/blog\/#\/schema\/logo\/image\/"},"sameAs":["https:\/\/www.facebook.com\/Koeln.Rodenkirchen","https:\/\/x.com\/gaidaphotos","https:\/\/instagram.com\/gaidaphotos\/","https:\/\/de.linkedin.com\/in\/gaidaphotos","https:\/\/myspace.com\/gaidaphotos","https:\/\/www.pinterest.com\/gaidaphotos\/","https:\/\/www.youtube.com\/user\/gaidaphotos"]},{"@type":"Person","@id":"https:\/\/www.gaidaphotos.com\/blog\/#\/schema\/person\/6c444a5b13ffc503c5c32f5a9ec68b21","name":"Thomas","sameAs":["https:\/\/www.gaidaphotos.com","https:\/\/www.facebook.com\/gaidaphotos","https:\/\/instagram.com\/gaidaphotos\/","https:\/\/www.linkedin.com\/in\/gaidaphotos","http:\/\/www.pinterest.com\/gaidaphotos\/","https:\/\/x.com\/gaidaphotos","https:\/\/myspace.com\/gaidaphotos","https:\/\/www.youtube.com\/user\/gaidaphotos","https:\/\/gaidaphotos.tumblr.com\/"]}]}},"jetpack_publicize_connections":[],"jetpack_featured_media_url":"https:\/\/i0.wp.com\/www.gaidaphotos.com\/blog\/wp-content\/uploads\/ngg_featured\/photokina-2016.jpg?fit=1024%2C768&ssl=1","jetpack_sharing_enabled":true,"jetpack_likes_enabled":true,"jetpack-related-posts":[{"id":3380,"url":"https:\/\/www.gaidaphotos.com\/blog\/2010\/09\/20\/verkaufsoffener-sonntag-26-09-2010-in-koeln-nrw\/","url_meta":{"origin":9488,"position":0},"title":"verkaufsoffener Sonntag 26.09.2010 in K\u00f6ln (NRW)","author":"Thomas","date":"20. September 2010","format":false,"excerpt":"Verkaufsoffener Sonntag 26.09.2010 in K\u00f6ln Verkaufsoffener Sonntag 29.09.2010 in K\u00f6ln-Dellbr\u00fcck von 13.00h bis 18:00h Leider haben wir bisher keine n\u00e4heren Informationen zum verkaufsoffenen Sonntag am 26.09.2010 in K\u00f6ln-Dellbr\u00fcck. Bitte schauen Sie gegen Ende der Woche noch einmal vorbei. Unten finden Sie eine Reihe Alternativvorschl\u00e4ge f\u00fcr den 26.09.2010 oder schauen Sie\u2026","rel":"","context":"In &quot;Verkaufsoffener Sonntag K\u00f6ln NRW&quot;","block_context":{"text":"Verkaufsoffener Sonntag K\u00f6ln NRW","link":"https:\/\/www.gaidaphotos.com\/blog\/category\/kalender-archiv\/verkaufsoffener-sonntag-koln-nrw\/"},"img":{"alt_text":"","src":"","width":0,"height":0},"classes":[]},{"id":35,"url":"https:\/\/www.gaidaphotos.com\/blog\/2008\/10\/01\/kostenloses-desktop-kalender-hintergrundbild-fur-oktober-2008\/","url_meta":{"origin":9488,"position":1},"title":"Kostenloses Desktop Kalender Hintergrundbild f\u00fcr Oktober 2008","author":"gaidaphotos","date":"1. Oktober 2008","format":false,"excerpt":"Gerade noch rechtzeitig sind die Kalenderbilder f\u00fcr Oktober 2008 fertig geworden. Und so wird's gemacht: Klickt auf ein Kalenderbild , um die Auswahlseite aufzurufen. \u00d6ffnet dann die Seite mit dem Kalender, den Ihr benutzen wollt. Das kann ein wenig l\u00e4nger dauern, da das Bild recht gro\u00df ist. Jetzt Rechts-Klick auf\u2026","rel":"","context":"In &quot;Kalender&quot;","block_context":{"text":"Kalender","link":"https:\/\/www.gaidaphotos.com\/blog\/category\/kalender-archiv\/"},"img":{"alt_text":"Desktop Kalender wallpaper Monitor kostenlos download ","src":"https:\/\/i0.wp.com\/www.gaidaphotos.com\/bonus\/kalender-2008-10\/kostenlos-kalender-teufel_thm.jpg?resize=350%2C200&ssl=1","width":350,"height":200},"classes":[]},{"id":3819,"url":"https:\/\/www.gaidaphotos.com\/blog\/2011\/11\/23\/verkaufsoffener-sonntag-weihnachtsmarkt-27-11-2011-in-koln\/","url_meta":{"origin":9488,"position":2},"title":"Verkaufsoffener Sonntag &#038; Weihnachtsmarkt 27.11.2011 in K\u00f6ln","author":"Thomas","date":"23. November 2011","format":false,"excerpt":"Weihnachtsmarkt und verkaufsoffener Sonntag Es wird Zeit Weihnachtsgeschenke zu kaufen. In weniger als einem Monat ist Weihnachten. Und so haben am 1. Advent nicht nur die K\u00f6lner Weihnachtsm\u00e4rkte ge\u00f6ffnet sondern auch die Gesch\u00e4fte in der K\u00f6lner Innenstadt, K\u00f6ln Agnesviertel und K\u00f6ln H\u00f6henhaus. Am meisten wird sicher in der Innenstadt geboten.\u2026","rel":"","context":"In &quot;K\u00f6ln&quot;","block_context":{"text":"K\u00f6ln","link":"https:\/\/www.gaidaphotos.com\/blog\/category\/koeln\/"},"img":{"alt_text":"","src":"https:\/\/www.gaidaphotos.com\/blog\/wp-content\/uploads\/2020\/08\/nggallery_import\/105_","width":350,"height":200,"srcset":"https:\/\/www.gaidaphotos.com\/blog\/wp-content\/uploads\/2020\/08\/nggallery_import\/105_ 1x, https:\/\/www.gaidaphotos.com\/blog\/wp-content\/uploads\/2020\/08\/nggallery_import\/105_ 1.5x, https:\/\/www.gaidaphotos.com\/blog\/wp-content\/uploads\/2020\/08\/nggallery_import\/105_ 2x"},"classes":[]},{"id":9519,"url":"https:\/\/www.gaidaphotos.com\/blog\/2016\/10\/18\/weihnachtsflohmarkt-23-10-16-ev-kirche\/","url_meta":{"origin":9488,"position":3},"title":"Weihnachtsflohmarkt 23.10.16 der ev. Kirche","author":"Thomas","date":"18. Oktober 2016","format":false,"excerpt":"Weihnachts-\/Herbst-Flohmarkt der evangelischen Kirche Rodenkirchen am 23.10.2015 Es ist wieder soweit. Am Sonntag, dem 23. Oktober 2015 l\u00e4dt die Kleiderkammer der evangelischen Kirche in K\u00f6ln-Rodenkirchen zu ihrem Herbst-Flohmarkt. Jetzt wird es Zeit, sich auf Weihnachten vorzubereiten. Denn gerade mal 2 Monate nach dem Flohmarkt steht das Weihnachtsfest vor der T\u00fcr.\u2026","rel":"","context":"In &quot;K\u00f6ln Rodenkirchen Einkaufen&quot;","block_context":{"text":"K\u00f6ln Rodenkirchen Einkaufen","link":"https:\/\/www.gaidaphotos.com\/blog\/category\/koeln-rodenkirchen\/koeln-rodenkirchen-einkaufen\/"},"img":{"alt_text":"","src":"https:\/\/i0.wp.com\/www.gaidaphotos.com\/blog\/wp-content\/uploads\/ngg_featured\/flohmarkt-evangelische-kirche-rodenkirchen-02.jpg?fit=1024%2C768&ssl=1&resize=350%2C200","width":350,"height":200,"srcset":"https:\/\/i0.wp.com\/www.gaidaphotos.com\/blog\/wp-content\/uploads\/ngg_featured\/flohmarkt-evangelische-kirche-rodenkirchen-02.jpg?fit=1024%2C768&ssl=1&resize=350%2C200 1x, https:\/\/i0.wp.com\/www.gaidaphotos.com\/blog\/wp-content\/uploads\/ngg_featured\/flohmarkt-evangelische-kirche-rodenkirchen-02.jpg?fit=1024%2C768&ssl=1&resize=525%2C300 1.5x, https:\/\/i0.wp.com\/www.gaidaphotos.com\/blog\/wp-content\/uploads\/ngg_featured\/flohmarkt-evangelische-kirche-rodenkirchen-02.jpg?fit=1024%2C768&ssl=1&resize=700%2C400 2x"},"classes":[]},{"id":3462,"url":"https:\/\/www.gaidaphotos.com\/blog\/2010\/12\/07\/verkaufsoffener-sonntag-adventsfest-in-koeln-porz-am-12-12-2010\/","url_meta":{"origin":9488,"position":4},"title":"verkaufsoffener Sonntag &#038; Adventsfest in K\u00f6ln Porz am 12.12.2010","author":"Thomas","date":"7. Dezember 2010","format":false,"excerpt":"verkaufsoffener Sonntag & Adventsfest in K\u00f6ln Porz am 12.12.2010 In den Stra\u00dfen und Str\u00e4\u00dfchen, Winkeln und Gassen in K\u00f6ln-Porz zwischen Nordwestlich des Porzer Krankenhauses - Ensener Weg - Steinstra\u00dfe - Humboldtstra\u00dfe - Dorotheenstra\u00dfe - Brucknerstra\u00dfe - Gleisk\u00f6rper der Bahn - Hasenkaul - Poststra\u00dfe - Rezagstra\u00dfe - Rhein k\u00f6nnen Sie am\u2026","rel":"","context":"In &quot;Verkaufsoffener Sonntag K\u00f6ln NRW&quot;","block_context":{"text":"Verkaufsoffener Sonntag K\u00f6ln NRW","link":"https:\/\/www.gaidaphotos.com\/blog\/category\/kalender-archiv\/verkaufsoffener-sonntag-koln-nrw\/"},"img":{"alt_text":"","src":"","width":0,"height":0},"classes":[]},{"id":2293,"url":"https:\/\/www.gaidaphotos.com\/blog\/2009\/11\/30\/koeln-rodenkirchen-nikolaus-kommt-am-verkaufsoffenen-sonntag\/","url_meta":{"origin":9488,"position":5},"title":"K\u00f6ln-Rodenkirchen: Nikolaus kommt am verkaufsoffenen Sonntag (6.12.09)","author":"Thomas","date":"30. November 2009","format":false,"excerpt":"Am Sonntag dem 06.12.2009 kommt sogar der Nikolaus zum verkaufsoffenen Sonntag nach K\u00f6ln-Rodenkirchen. Am kommenden Sonntag geben die Rodenkirchener Einzelhandelsgesch\u00e4ft Gelegenheit zum Einkauf von Weihnachtsgeschenken. Von 12.00h bis 18:00h sind die L\u00e4den in K\u00f6ln Rodenkirchen zum gem\u00fctlichen Weihnachtsshopping ge\u00f6ffnet. Und auf den Maternusplatz kommt der Nikolaus zu den Kindern in\u2026","rel":"","context":"In &quot;K\u00f6ln Rodenkirchen Einkaufen&quot;","block_context":{"text":"K\u00f6ln Rodenkirchen Einkaufen","link":"https:\/\/www.gaidaphotos.com\/blog\/category\/koeln-rodenkirchen\/koeln-rodenkirchen-einkaufen\/"},"img":{"alt_text":"K\u00f6ln Rodenkirchen verkaufsoffener Sonntag","src":"https:\/\/i0.wp.com\/www.gaidaphotos.com\/blog\/wp-content\/uploads\/2009\/11\/kostenlose-weihnachtskarte-gaidaphotos-16-224x300.jpg?resize=350%2C200&ssl=1","width":350,"height":200},"classes":[]}],"_links":{"self":[{"href":"https:\/\/www.gaidaphotos.com\/blog\/wp-json\/wp\/v2\/posts\/9488","targetHints":{"allow":["GET"]}}],"collection":[{"href":"https:\/\/www.gaidaphotos.com\/blog\/wp-json\/wp\/v2\/posts"}],"about":[{"href":"https:\/\/www.gaidaphotos.com\/blog\/wp-json\/wp\/v2\/types\/post"}],"author":[{"embeddable":true,"href":"https:\/\/www.gaidaphotos.com\/blog\/wp-json\/wp\/v2\/users\/6"}],"replies":[{"embeddable":true,"href":"https:\/\/www.gaidaphotos.com\/blog\/wp-json\/wp\/v2\/comments?post=9488"}],"version-history":[{"count":0,"href":"https:\/\/www.gaidaphotos.com\/blog\/wp-json\/wp\/v2\/posts\/9488\/revisions"}],"wp:featuredmedia":[{"embeddable":true,"href":"https:\/\/www.gaidaphotos.com\/blog\/wp-json\/wp\/v2\/media\/9505"}],"wp:attachment":[{"href":"https:\/\/www.gaidaphotos.com\/blog\/wp-json\/wp\/v2\/media?parent=9488"}],"wp:term":[{"taxonomy":"category","embeddable":true,"href":"https:\/\/www.gaidaphotos.com\/blog\/wp-json\/wp\/v2\/categories?post=9488"},{"taxonomy":"post_tag","embeddable":true,"href":"https:\/\/www.gaidaphotos.com\/blog\/wp-json\/wp\/v2\/tags?post=9488"}],"curies":[{"name":"wp","href":"https:\/\/api.w.org\/{rel}","templated":true}]}}